{"id":7220,"date":"2025-10-17T14:24:37","date_gmt":"2025-10-17T12:24:37","guid":{"rendered":"https:\/\/www.tsg-leutkirch.de\/handball\/?p=7220"},"modified":"2025-10-17T14:24:37","modified_gmt":"2025-10-17T12:24:37","slug":"gemischte-d-jugend","status":"publish","type":"post","link":"https:\/\/www.tsg-leutkirch.de\/handball\/2025\/10\/17\/gemischte-d-jugend\/","title":{"rendered":"gemischte D-Jugend"},"content":{"rendered":"<p><strong>Spielr\u00fcckblick vom 04.10.2025 gegen Hard 2<\/strong><br \/>\n<strong>Endstand: 3:43 (Halbzeit: 3:24)<\/strong><\/p>\n<p>Am 04.10.2025 musste unsere Mannschaft eine deutliche Niederlage hinnehmen. Schon zur Halbzeit lag das Team mit 3:24 zur\u00fcck, und auch in der zweiten H\u00e4lfte setzte sich die \u00dcberlegenheit des Gegners fort.<\/p>\n<p>Trotz des klaren Ergebnisses zeigte die Mannschaft <strong>gro\u00dfen Einsatz<\/strong> und <strong>k\u00e4mpfte bis zum Schluss<\/strong>. Besonders bemerkenswert: Aufgrund vieler Ausf\u00e4lle trat das Team <strong>ersatzgeschw\u00e4cht<\/strong> an und wurde dabei von <strong>zwei Spielern aus der E-Jugend<\/strong> unterst\u00fctzt, die ihre Sache hervorragend machten und wertvolle Erfahrungen sammeln konnten.<\/p>\n<p>Am Ende war es zwar eine <strong>Lehrstunde<\/strong>, doch das Team sammelte wertvolle Erfahrungen, die in den kommenden Spielen helfen werden. Besonders der Zusammenhalt und das gute Verh\u00e4ltnis zur \u201eunteren\u201c Jugend zeigt, dass man auf einem guten Weg ist. Das macht Mut f\u00fcr die kommenden Aufgaben, die vermutlich nicht einfacher werden.<\/p>\n<p><strong>F\u00fcr Leutkirch spielten:<\/strong><br \/>\nKonrad L\u00f6ffler (Tor), Jana Weh, Laura Manuele, Jonas Gerster, Oliver Reiter, Vincent Schlaghaufer, Melanie Gaub, Fabian Bartsch und Tim Blinstrub.<\/p>\n<p><strong><br \/>\nAusblick:<\/strong><br \/>\nAm heutigen Samstag steht f\u00fcr unsere Mannschaft das n\u00e4chste Heimspiel in der Seelhaushalle an. Gegner ist das Team aus Lauterach, das bisher einen Sieg und zwei Niederlagen verbuchen konnte.<\/p>\n<p>Nach der deutlichen Niederlage zuletzt will das Team nun vor heimischem Publikum wieder ein anderes Gesicht zeigen. Mit voller Motivation und hoffentlich kompletter Besetzung sollen die Punkte diesmal in Leutkirch bleiben.<\/p>\n<p>Die Mannschaft freut sich auf lautstarke Unterst\u00fctzung von den R\u00e4ngen \u2013 gemeinsam wollen wir in der Seelhaushalle f\u00fcr die n\u00e4chsten Punkte k\u00e4mpfen!<\/p>\n<p>&nbsp;<\/p>\n","protected":false},"excerpt":{"rendered":"<p>Spielr\u00fcckblick vom 04.10.2025 gegen Hard 2 Endstand: 3:43 (Halbzeit: 3:24) Am 04.10.2025 musste unsere Mannschaft eine deutliche Niederlage hinnehmen. Schon zur Halbzeit lag das Team mit 3:24 zur\u00fcck, und auch in der zweiten H\u00e4lfte setzte sich die \u00dcberlegenheit des Gegners fort. Trotz des klaren Ergebnisses zeigte die Mannschaft gro\u00dfen Einsatz und k\u00e4mpfte bis zum Schluss. [&hellip;]<\/p>\n","protected":false},"author":4,"featured_media":6272,"comment_status":"closed","ping_status":"open","sticky":false,"template":"","format":"standard","meta":{"_acf_changed":false,"site-sidebar-layout":"default","site-content-layout":"","ast-site-content-layout":"default","site-content-style":"default","site-sidebar-style":"default","ast-global-header-display":"","ast-banner-title-visibility":"","ast-main-header-display":"","ast-hfb-above-header-display":"","ast-hfb-below-header-display":"","ast-hfb-mobile-header-display":"","site-post-title":"","ast-breadcrumbs-content":"","ast-featured-img":"","footer-sml-layout":"","ast-disable-related-posts":"","theme-transparent-header-meta":"default","adv-header-id-meta":"","stick-header-meta":"default","header-above-stick-meta":"","header-main-stick-meta":"","header-below-stick-meta":"","astra-migrate-meta-layouts":"set","ast-page-background-enabled":"default","ast-page-background-meta":{"desktop":{"background-color":"","background-image":"","background-repeat":"repeat","background-position":"center center","background-size":"auto","background-attachment":"scroll","background-type":"","background-media":"","overlay-type":"","overlay-color":"","overlay-opacity":"","overlay-gradient":""},"tablet":{"background-color":"","background-image":"","background-repeat":"repeat","background-position":"center center","background-size":"auto","background-attachment":"scroll","background-type":"","background-media":"","overlay-type":"","overlay-color":"","overlay-opacity":"","overlay-gradient":""},"mobile":{"background-color":"","background-image":"","background-repeat":"repeat","background-position":"center center","background-size":"auto","background-attachment":"scroll","background-type":"","background-media":"","overlay-type":"","overlay-color":"","overlay-opacity":"","overlay-gradient":""}},"ast-content-background-meta":{"desktop":{"background-color":"var(--ast-global-color-5)","background-image":"","background-repeat":"repeat","background-position":"center center","background-size":"auto","background-attachment":"scroll","background-type":"","background-media":"","overlay-type":"","overlay-color":"","overlay-opacity":"","overlay-gradient":""},"tablet":{"background-color":"var(--ast-global-color-5)","background-image":"","background-repeat":"repeat","background-position":"center center","background-size":"auto","background-attachment":"scroll","background-type":"","background-media":"","overlay-type":"","overlay-color":"","overlay-opacity":"","overlay-gradient":""},"mobile":{"background-color":"var(--ast-global-color-5)","background-image":"","background-repeat":"repeat","background-position":"center center","background-size":"auto","background-attachment":"scroll","background-type":"","background-media":"","overlay-type":"","overlay-color":"","overlay-opacity":"","overlay-gradient":""}},"footnotes":""},"categories":[1,13],"tags":[],"class_list":["post-7220","post","type-post","status-publish","format-standard","has-post-thumbnail","hentry","category-allgemein","category-gemischte-d-jugend"],"acf":[],"_links":{"self":[{"href":"https:\/\/www.tsg-leutkirch.de\/handball\/wp-json\/wp\/v2\/posts\/7220","targetHints":{"allow":["GET"]}}],"collection":[{"href":"https:\/\/www.tsg-leutkirch.de\/handball\/wp-json\/wp\/v2\/posts"}],"about":[{"href":"https:\/\/www.tsg-leutkirch.de\/handball\/wp-json\/wp\/v2\/types\/post"}],"author":[{"embeddable":true,"href":"https:\/\/www.tsg-leutkirch.de\/handball\/wp-json\/wp\/v2\/users\/4"}],"replies":[{"embeddable":true,"href":"https:\/\/www.tsg-leutkirch.de\/handball\/wp-json\/wp\/v2\/comments?post=7220"}],"version-history":[{"count":1,"href":"https:\/\/www.tsg-leutkirch.de\/handball\/wp-json\/wp\/v2\/posts\/7220\/revisions"}],"predecessor-version":[{"id":7221,"href":"https:\/\/www.tsg-leutkirch.de\/handball\/wp-json\/wp\/v2\/posts\/7220\/revisions\/7221"}],"wp:featuredmedia":[{"embeddable":true,"href":"https:\/\/www.tsg-leutkirch.de\/handball\/wp-json\/wp\/v2\/media\/6272"}],"wp:attachment":[{"href":"https:\/\/www.tsg-leutkirch.de\/handball\/wp-json\/wp\/v2\/media?parent=7220"}],"wp:term":[{"taxonomy":"category","embeddable":true,"href":"https:\/\/www.tsg-leutkirch.de\/handball\/wp-json\/wp\/v2\/categories?post=7220"},{"taxonomy":"post_tag","embeddable":true,"href":"https:\/\/www.tsg-leutkirch.de\/handball\/wp-json\/wp\/v2\/tags?post=7220"}],"curies":[{"name":"wp","href":"https:\/\/api.w.org\/{rel}","templated":true}]}}