{"id":254,"date":"2023-03-30T21:25:06","date_gmt":"2023-03-30T19:25:06","guid":{"rendered":"https:\/\/www.tsg-leutkirch.de\/leichtathletik\/?p=254"},"modified":"2023-05-14T21:25:54","modified_gmt":"2023-05-14T19:25:54","slug":"kila-wettkampf-in-leutkirch-seehaushalle-25-03-23","status":"publish","type":"post","link":"https:\/\/www.tsg-leutkirch.de\/leichtathletik\/2023\/03\/30\/kila-wettkampf-in-leutkirch-seehaushalle-25-03-23\/","title":{"rendered":"KiLa Wettkampf in Leutkirch &#8211; Seehaushalle 25.03.23"},"content":{"rendered":"<p>Am 25 M\u00e4rz konnte die TSG den Heimwettkampf der Kinderleichtathletik in der Seehaushalle durchf\u00fchren. Matthias Rotzler freute sich \u00fcber zahlreiche Kampfrichter und Helfer, die bei unserer Veranstaltung tatkr\u00e4ftig unterst\u00fctzen konnten. Zahlreiche Mannschaften aus dem Allg\u00e4u und Oberschwaben reisten nach Leutkirch an und konnten eine tollen Wettkampf der Kinder von U8 &#8211; U12 erleben.<\/p>\n<p>Die TSG Leutkirch konnte in allen 3 Altersklassen jeweils eine Mannschaft melden. Die Mannschaft der U12 mit Eva Redle, Emma Weber, Magdalena Rotzler, Moritz Vogt, Niklas Kromer und Severin Vogt sicherte sich einen <strong>bemerkenswerten ersten Platz<\/strong>. In der letzten Disziplin, der Biathlon Staffel, konnte die Mannschaft einen gro\u00dfen Vorsprung herausholen und sicherte sich damit den Platz auf dem ersten Treppchen.<\/p>\n<p>Unsere Mannschaft der U10 mit Ellie Steurer, Rosalie Miller, Veronika Maiboroda, Julia Frenzel, Thomas Maiboroda, Liam Schell, Jakob Rotzler, Felix Vogt und Simon Knittel erreichten einen <strong>hervorragenden\u00a0dritten Platz<\/strong>.<\/p>\n<p>Auch unsere kleinsten die U8 konnten sich in Ihrer Altersklasse beweisen und sicherten sich einen tollen <strong>ersten Platz<\/strong>. In der U8 traten Greta D\u00f6ris, Jakob Wagegg, Matteo Klotz, Paul L\u00e4mmle und Johannes Rotzler an.<\/p>\n","protected":false},"excerpt":{"rendered":"<p>Am 25 M\u00e4rz konnte die TSG den Heimwettkampf der Kinderleichtathletik in der Seehaushalle durchf\u00fchren. Matthias Rotzler freute sich \u00fcber zahlreiche Kampfrichter und Helfer, die bei unserer Veranstaltung tatkr\u00e4ftig unterst\u00fctzen konnten. Zahlreiche Mannschaften aus dem Allg\u00e4u und Oberschwaben reisten nach Leutkirch an und konnten eine tollen Wettkampf der Kinder von U8 &#8211; U12 erleben. Die TSG [&hellip;]<\/p>\n","protected":false},"author":18,"featured_media":353,"comment_status":"open","ping_status":"open","sticky":false,"template":"","format":"standard","meta":{"_acf_changed":false,"site-sidebar-layout":"default","site-content-layout":"default","ast-site-content-layout":"default","site-content-style":"default","site-sidebar-style":"default","ast-global-header-display":"","ast-banner-title-visibility":"","ast-main-header-display":"","ast-hfb-above-header-display":"","ast-hfb-below-header-display":"","ast-hfb-mobile-header-display":"","site-post-title":"","ast-breadcrumbs-content":"","ast-featured-img":"","footer-sml-layout":"","ast-disable-related-posts":"","theme-transparent-header-meta":"default","adv-header-id-meta":"","stick-header-meta":"default","header-above-stick-meta":"","header-main-stick-meta":"","header-below-stick-meta":"","astra-migrate-meta-layouts":"default","ast-page-background-enabled":"default","ast-page-background-meta":{"desktop":{"background-color":"","background-image":"","background-repeat":"repeat","background-position":"center center","background-size":"auto","background-attachment":"scroll","background-type":"","background-media":"","overlay-type":"","overlay-color":"","overlay-opacity":"","overlay-gradient":""},"tablet":{"background-color":"","background-image":"","background-repeat":"repeat","background-position":"center center","background-size":"auto","background-attachment":"scroll","background-type":"","background-media":"","overlay-type":"","overlay-color":"","overlay-opacity":"","overlay-gradient":""},"mobile":{"background-color":"","background-image":"","background-repeat":"repeat","background-position":"center center","background-size":"auto","background-attachment":"scroll","background-type":"","background-media":"","overlay-type":"","overlay-color":"","overlay-opacity":"","overlay-gradient":""}},"ast-content-background-meta":{"desktop":{"background-color":"var(--ast-global-color-5)","background-image":"","background-repeat":"repeat","background-position":"center center","background-size":"auto","background-attachment":"scroll","background-type":"","background-media":"","overlay-type":"","overlay-color":"","overlay-opacity":"","overlay-gradient":""},"tablet":{"background-color":"var(--ast-global-color-5)","background-image":"","background-repeat":"repeat","background-position":"center center","background-size":"auto","background-attachment":"scroll","background-type":"","background-media":"","overlay-type":"","overlay-color":"","overlay-opacity":"","overlay-gradient":""},"mobile":{"background-color":"var(--ast-global-color-5)","background-image":"","background-repeat":"repeat","background-position":"center center","background-size":"auto","background-attachment":"scroll","background-type":"","background-media":"","overlay-type":"","overlay-color":"","overlay-opacity":"","overlay-gradient":""}},"footnotes":""},"categories":[1],"tags":[],"class_list":["post-254","post","type-post","status-publish","format-standard","has-post-thumbnail","hentry","category-allgemein"],"acf":[],"_links":{"self":[{"href":"https:\/\/www.tsg-leutkirch.de\/leichtathletik\/wp-json\/wp\/v2\/posts\/254","targetHints":{"allow":["GET"]}}],"collection":[{"href":"https:\/\/www.tsg-leutkirch.de\/leichtathletik\/wp-json\/wp\/v2\/posts"}],"about":[{"href":"https:\/\/www.tsg-leutkirch.de\/leichtathletik\/wp-json\/wp\/v2\/types\/post"}],"author":[{"embeddable":true,"href":"https:\/\/www.tsg-leutkirch.de\/leichtathletik\/wp-json\/wp\/v2\/users\/18"}],"replies":[{"embeddable":true,"href":"https:\/\/www.tsg-leutkirch.de\/leichtathletik\/wp-json\/wp\/v2\/comments?post=254"}],"version-history":[{"count":2,"href":"https:\/\/www.tsg-leutkirch.de\/leichtathletik\/wp-json\/wp\/v2\/posts\/254\/revisions"}],"predecessor-version":[{"id":354,"href":"https:\/\/www.tsg-leutkirch.de\/leichtathletik\/wp-json\/wp\/v2\/posts\/254\/revisions\/354"}],"wp:featuredmedia":[{"embeddable":true,"href":"https:\/\/www.tsg-leutkirch.de\/leichtathletik\/wp-json\/wp\/v2\/media\/353"}],"wp:attachment":[{"href":"https:\/\/www.tsg-leutkirch.de\/leichtathletik\/wp-json\/wp\/v2\/media?parent=254"}],"wp:term":[{"taxonomy":"category","embeddable":true,"href":"https:\/\/www.tsg-leutkirch.de\/leichtathletik\/wp-json\/wp\/v2\/categories?post=254"},{"taxonomy":"post_tag","embeddable":true,"href":"https:\/\/www.tsg-leutkirch.de\/leichtathletik\/wp-json\/wp\/v2\/tags?post=254"}],"curies":[{"name":"wp","href":"https:\/\/api.w.org\/{rel}","templated":true}]}}