{"id":131,"date":"2020-04-17T10:22:17","date_gmt":"2020-04-17T08:22:17","guid":{"rendered":"http:\/\/multitsg.iamhosting.de\/radsport\/?p=131"},"modified":"2020-04-17T10:23:08","modified_gmt":"2020-04-17T08:23:08","slug":"mountainbike-tagestour-radabschluss-terminaenderungen-radtreffs","status":"publish","type":"post","link":"https:\/\/www.tsg-leutkirch.de\/radsport\/2020\/04\/17\/mountainbike-tagestour-radabschluss-terminaenderungen-radtreffs\/","title":{"rendered":"Mountainbike Tagestour, Radabschlu\u00df, Termin\u00e4nderungen Radtreffs"},"content":{"rendered":"\t\t<div data-elementor-type=\"wp-post\" data-elementor-id=\"131\" class=\"elementor elementor-131\" data-elementor-post-type=\"post\">\n\t\t\t\t\t\t<section class=\"elementor-section elementor-top-section elementor-element elementor-element-9c02ad3 elementor-section-boxed elementor-section-height-default elementor-section-height-default\" data-id=\"9c02ad3\" data-element_type=\"section\" data-e-type=\"section\" data-settings=\"{&quot;jet_parallax_layout_list&quot;:[]}\">\n\t\t\t\t\t\t<div class=\"elementor-container elementor-column-gap-default\">\n\t\t\t\t\t<div class=\"elementor-column elementor-col-100 elementor-top-column elementor-element elementor-element-5acde30\" data-id=\"5acde30\" data-element_type=\"column\" data-e-type=\"column\">\n\t\t\t<div class=\"elementor-widget-wrap elementor-element-populated\">\n\t\t\t\t\t\t<div class=\"elementor-element elementor-element-fd3f0e7 elementor-widget elementor-widget-text-editor\" data-id=\"fd3f0e7\" data-element_type=\"widget\" data-e-type=\"widget\" data-widget_type=\"text-editor.default\">\n\t\t\t\t<div class=\"elementor-widget-container\">\n\t\t\t\t\t\t\t\t\t<p>Die Radabteilung der TSG Leutkirch startet am Samstag, 21.Sept. zur Mountainbike Tagestour unter Gesamtleitung von Sepp J\u00e4ger und Xaver Dorn.<\/p><p>Das Ziel ist eine Tagestour im Bregenzer Wald ab Egg.<\/p><p>Abfahrt ist um 08:00 am TSG Vereinsheim. Um die Logistik zu organisieren ist eine Anmeldung bis zum 19.09 2019 bei Sepp J\u00e4ger erforderlich.<br \/>(Tel. 07561\/6206 oder 01723063720)<\/p><p>Gefahren wird in 4 Gruppen incl. E- MTB ca. 50 KM und zwischen 1200 \u2013 1600 HM.<\/p><p>Am Samstag 21.September findet im TSG Vereinsheim um 20 Uhr der traditionelle Radabschlu\u00df der Abteilung statt. Es wird ein unterhaltsames Programm mit Saisonr\u00fcckblick, Sportlerehrung und eine Video- Show der diesj\u00e4hrigen Radsportwoche in der Pfalz geboten, sowie der n\u00e4chstj\u00e4hrige Radurlaub vorgestellt.<\/p><p>Der Rennradtreff beginnt ab 21.September soweit das Wetter zul\u00e4sst immer samstags um 13:30 am Vereinsheim.<\/p>\t\t\t\t\t\t\t\t<\/div>\n\t\t\t\t<\/div>\n\t\t\t\t\t<\/div>\n\t\t<\/div>\n\t\t\t\t\t<\/div>\n\t\t<\/section>\n\t\t\t\t<\/div>\n\t\t","protected":false},"excerpt":{"rendered":"<p>Die Radabteilung der TSG Leutkirch startet am Samstag, 21.Sept. zur Mountainbike Tagestour unter Gesamtleitung von Sepp J\u00e4ger und Xaver Dorn. Das Ziel ist eine Tagestour im Bregenzer Wald ab Egg. Abfahrt ist um 08:00 am TSG Vereinsheim. Um die Logistik zu organisieren ist eine Anmeldung bis zum 19.09 2019 bei Sepp J\u00e4ger erforderlich.(Tel. 07561\/6206 oder [&hellip;]<\/p>\n","protected":false},"author":1,"featured_media":132,"comment_status":"open","ping_status":"open","sticky":false,"template":"","format":"standard","meta":{"_acf_changed":false,"site-sidebar-layout":"default","site-content-layout":"default","ast-site-content-layout":"default","site-content-style":"default","site-sidebar-style":"default","ast-global-header-display":"","ast-banner-title-visibility":"","ast-main-header-display":"","ast-hfb-above-header-display":"","ast-hfb-below-header-display":"","ast-hfb-mobile-header-display":"","site-post-title":"","ast-breadcrumbs-content":"","ast-featured-img":"","footer-sml-layout":"","ast-disable-related-posts":"","theme-transparent-header-meta":"default","adv-header-id-meta":"","stick-header-meta":"default","header-above-stick-meta":"","header-main-stick-meta":"","header-below-stick-meta":"","astra-migrate-meta-layouts":"default","ast-page-background-enabled":"default","ast-page-background-meta":{"desktop":{"background-color":"","background-image":"","background-repeat":"repeat","background-position":"center center","background-size":"auto","background-attachment":"scroll","background-type":"","background-media":"","overlay-type":"","overlay-color":"","overlay-opacity":"","overlay-gradient":""},"tablet":{"background-color":"","background-image":"","background-repeat":"repeat","background-position":"center center","background-size":"auto","background-attachment":"scroll","background-type":"","background-media":"","overlay-type":"","overlay-color":"","overlay-opacity":"","overlay-gradient":""},"mobile":{"background-color":"","background-image":"","background-repeat":"repeat","background-position":"center center","background-size":"auto","background-attachment":"scroll","background-type":"","background-media":"","overlay-type":"","overlay-color":"","overlay-opacity":"","overlay-gradient":""}},"ast-content-background-meta":{"desktop":{"background-color":"var(--ast-global-color-5)","background-image":"","background-repeat":"repeat","background-position":"center center","background-size":"auto","background-attachment":"scroll","background-type":"","background-media":"","overlay-type":"","overlay-color":"","overlay-opacity":"","overlay-gradient":""},"tablet":{"background-color":"var(--ast-global-color-5)","background-image":"","background-repeat":"repeat","background-position":"center center","background-size":"auto","background-attachment":"scroll","background-type":"","background-media":"","overlay-type":"","overlay-color":"","overlay-opacity":"","overlay-gradient":""},"mobile":{"background-color":"var(--ast-global-color-5)","background-image":"","background-repeat":"repeat","background-position":"center center","background-size":"auto","background-attachment":"scroll","background-type":"","background-media":"","overlay-type":"","overlay-color":"","overlay-opacity":"","overlay-gradient":""}},"footnotes":""},"categories":[1],"tags":[],"class_list":["post-131","post","type-post","status-publish","format-standard","has-post-thumbnail","hentry","category-allgemein"],"acf":[],"_links":{"self":[{"href":"https:\/\/www.tsg-leutkirch.de\/radsport\/wp-json\/wp\/v2\/posts\/131","targetHints":{"allow":["GET"]}}],"collection":[{"href":"https:\/\/www.tsg-leutkirch.de\/radsport\/wp-json\/wp\/v2\/posts"}],"about":[{"href":"https:\/\/www.tsg-leutkirch.de\/radsport\/wp-json\/wp\/v2\/types\/post"}],"author":[{"embeddable":true,"href":"https:\/\/www.tsg-leutkirch.de\/radsport\/wp-json\/wp\/v2\/users\/1"}],"replies":[{"embeddable":true,"href":"https:\/\/www.tsg-leutkirch.de\/radsport\/wp-json\/wp\/v2\/comments?post=131"}],"version-history":[{"count":2,"href":"https:\/\/www.tsg-leutkirch.de\/radsport\/wp-json\/wp\/v2\/posts\/131\/revisions"}],"predecessor-version":[{"id":134,"href":"https:\/\/www.tsg-leutkirch.de\/radsport\/wp-json\/wp\/v2\/posts\/131\/revisions\/134"}],"wp:featuredmedia":[{"embeddable":true,"href":"https:\/\/www.tsg-leutkirch.de\/radsport\/wp-json\/wp\/v2\/media\/132"}],"wp:attachment":[{"href":"https:\/\/www.tsg-leutkirch.de\/radsport\/wp-json\/wp\/v2\/media?parent=131"}],"wp:term":[{"taxonomy":"category","embeddable":true,"href":"https:\/\/www.tsg-leutkirch.de\/radsport\/wp-json\/wp\/v2\/categories?post=131"},{"taxonomy":"post_tag","embeddable":true,"href":"https:\/\/www.tsg-leutkirch.de\/radsport\/wp-json\/wp\/v2\/tags?post=131"}],"curies":[{"name":"wp","href":"https:\/\/api.w.org\/{rel}","templated":true}]}}