{"id":137,"date":"2020-04-17T10:25:04","date_gmt":"2020-04-17T08:25:04","guid":{"rendered":"http:\/\/multitsg.iamhosting.de\/radsport\/?p=137"},"modified":"2020-04-17T10:25:25","modified_gmt":"2020-04-17T08:25:25","slug":"leutkircher-radsportler-mit-topplatzierungen-am-wochenende","status":"publish","type":"post","link":"https:\/\/www.tsg-leutkirch.de\/radsport\/2020\/04\/17\/leutkircher-radsportler-mit-topplatzierungen-am-wochenende\/","title":{"rendered":"Leutkircher Radsportler mit Topplatzierungen am Wochenende"},"content":{"rendered":"\t\t<div data-elementor-type=\"wp-post\" data-elementor-id=\"137\" class=\"elementor elementor-137\" data-elementor-post-type=\"post\">\n\t\t\t\t\t\t<section class=\"elementor-section elementor-top-section elementor-element elementor-element-03a98e2 elementor-section-boxed elementor-section-height-default elementor-section-height-default\" data-id=\"03a98e2\" data-element_type=\"section\" data-e-type=\"section\" data-settings=\"{&quot;jet_parallax_layout_list&quot;:[]}\">\n\t\t\t\t\t\t<div class=\"elementor-container elementor-column-gap-default\">\n\t\t\t\t\t<div class=\"elementor-column elementor-col-100 elementor-top-column elementor-element elementor-element-8a513e6\" data-id=\"8a513e6\" data-element_type=\"column\" data-e-type=\"column\">\n\t\t\t<div class=\"elementor-widget-wrap elementor-element-populated\">\n\t\t\t\t\t\t<div class=\"elementor-element elementor-element-46d3f19 elementor-widget elementor-widget-text-editor\" data-id=\"46d3f19\" data-element_type=\"widget\" data-e-type=\"widget\" data-widget_type=\"text-editor.default\">\n\t\t\t\t<div class=\"elementor-widget-container\">\n\t\t\t\t\t\t\t\t\t<p>Kurz vor Ende der Radsportsaison stellten die Radrennfahrer der TSG Leutkirch noch einmal ihre Sp\u00e4t Form und Vielseitigkeit unter Beweis. So wurden gleich bei mehreren Wettk\u00e4mpfen unterschiedlicher Art, Spitzenplatzierungen eingefahren.<\/p><p>Bereits am Samstag nahm Antonia Hoffmann am Kriterium in Oberg\u00fcnzburg teil. Es wurde ein gemeinsames Rennen der Klassen U11, U13 und U15 ausgetragen. Hoffmann, die in der Klasse U13 f\u00e4hrt, schlug sich auch gegen ihre \u00e4lteren Konkurrenten gut und fuhr in der Verfolgergruppe der U15 Fahrer mit. Lediglich ein Konkurrent aus der U13 schaffte es in die Spitzengruppe. Im Sprint der Verfolger reichte es f\u00fcr die Leutkircherin noch zu Platz 5. Dieses Ergebnis reichte aus, um sich den Gesamtseig im bayrischen Mavic\u2013Heiss Cup zu sichern. Auch Timo Funk fuhr in Oberg\u00fcnzburg im Rennen der Amateure. Er konnte eine beeindruckende Serie an Podestpl\u00e4tzen fortsetzten und musste sich nur seinem Dauerrivalen Henri Uhlig aus Kehlheim geschlagen geben.<\/p><p>Zeitgleich starteten Lars Ulbrich und Valentin Kegrei\u00df bei der Illmensee MTB \u2013 Challenge einem MTB Marathon \u00fcber 45 km und 900 Hm. Bereits in der ersten von drei Runden kam es am langen Anstieg zur Mitte der Runde zu einer Vorentscheidung. Der Kemptener Noah Laschewski versch\u00e4rfte das Tempo, so dass nur noch MTB Spezialist Daniel Gathof und Valentin Kegrei\u00df mithalten konnten. Lars Ulbrich befand sich direkt dahinter in der ersten Verfolgergruppe. Das Spitzentrio harmonierte die folgende Runde sehr gut, jedoch wurde die Schlussrunde sehr taktisch gefahren, was einem weiteren Fahrer den Anschluss an die Spitzengruppe erm\u00f6glichte. Am Anstieg setzte dann Gathof die entscheidende Attacke und fuhr Solo zum Sieg vor Noah Laschewski und Valentin Kegrei\u00df. Lars Ulbrich erreichte den f\u00fcnften Platz.<\/p><p>Am Sonntag nahmen Timo und Walter Funk sowie G\u00fcnter Sch\u00fcle am Zeitfahren zur Grabener H\u00f6he teil. Die 10 Kilometer lange Strecke mit dem enorm harten Schlussanstieg zur Grabener H\u00f6he, stellt f\u00fcr alle Sportler einer Herausforderung, was die Renneinteilung angeht, dar. Timo Funk gelang dies an diesem Tag am besten und er sicherte sich den Gesamtsieg mit einem knappen Vorsprung von 3 Sekunden auf J\u00fcrgen Amann. Walter Funk und G\u00fcnter Sch\u00fcle erreichten in der Klasse M50 die Pl\u00e4tze 8 und 16.<\/p><p>Ein Erlebnis der besonderen Art, stand f\u00fcr Lars Ulbrich und Valentin Kegrei\u00df am Sonntag, mit dem Start beim Kriterium in Wangen an. Obwohl beide nur als Au\u00dfenseiter ins Rennen gingen, waren sie hochmotiviert, denn es bot sich die seltene Gelegenheit mit Profis des Teams Bora\u2013Hansgrohe, darunter Emanuel Buchmann und Pascal Ackermann, Seite an Seite zu fahren. Beiden gelang bei dem enormen Tempo mitzuhalten und auf sich aufmerksam zu machen, konnten jedoch nicht in die Punktewertungen eingreifen. Bei den vielen Leutkircher Fans an der Strecke blieb die starke Leistung jedoch nicht unbemerkt. So wurde f\u00fcr die Leutkircher Fahrer sogar eine Sympathie Pr\u00e4mie einer Zuschauerin ausgelobt. Am Ende kamen die Leutkircher im Mittelfeld auf den Pl\u00e4tzen 28 und 35 ins Ziel.<\/p><p>Beim Finale der Rennserie &#8222;Specialized Rookies Cup by IXS&#8220; in Sch\u00f6neck (Sachsen) starteten Luca und Yannick Vaas jeweils in Ihren Klassen. Yannick platzierte sich im Seeding Run auf Rang 31 und im Final Run auf Rang 41. Dadurch setzte er seine konstanten Platzierungen im Mittelfeld fort und erreichte in dieser Serie Platz 51 in der Klasse &#8222;U17&#8220; in der Gesamtwertung bei 4 gefahrenen Rennen (von 6 m\u00f6glichen).<br \/>Luca kr\u00f6nte seine Saison in dieser Serie mit dem 10. Platz im Seeding Run und dem tollen 3. Platz im Final Run. Dadurch schob er sich in der Gesamtwertung erheblich nach vorne und schloss die Serie mit dem 12. Platz im Zwischenergebnis in der Klasse &#8222;U17 Pro&#8220; ab.<\/p>\t\t\t\t\t\t\t\t<\/div>\n\t\t\t\t<\/div>\n\t\t\t\t\t<\/div>\n\t\t<\/div>\n\t\t\t\t\t<\/div>\n\t\t<\/section>\n\t\t\t\t<\/div>\n\t\t","protected":false},"excerpt":{"rendered":"<p>Kurz vor Ende der Radsportsaison stellten die Radrennfahrer der TSG Leutkirch noch einmal ihre Sp\u00e4t Form und Vielseitigkeit unter Beweis. So wurden gleich bei mehreren Wettk\u00e4mpfen unterschiedlicher Art, Spitzenplatzierungen eingefahren. Bereits am Samstag nahm Antonia Hoffmann am Kriterium in Oberg\u00fcnzburg teil. Es wurde ein gemeinsames Rennen der Klassen U11, U13 und U15 ausgetragen. Hoffmann, die [&hellip;]<\/p>\n","protected":false},"author":1,"featured_media":136,"comment_status":"open","ping_status":"open","sticky":false,"template":"","format":"standard","meta":{"_acf_changed":false,"site-sidebar-layout":"default","site-content-layout":"default","ast-site-content-layout":"default","site-content-style":"default","site-sidebar-style":"default","ast-global-header-display":"","ast-banner-title-visibility":"","ast-main-header-display":"","ast-hfb-above-header-display":"","ast-hfb-below-header-display":"","ast-hfb-mobile-header-display":"","site-post-title":"","ast-breadcrumbs-content":"","ast-featured-img":"","footer-sml-layout":"","ast-disable-related-posts":"","theme-transparent-header-meta":"default","adv-header-id-meta":"","stick-header-meta":"default","header-above-stick-meta":"","header-main-stick-meta":"","header-below-stick-meta":"","astra-migrate-meta-layouts":"default","ast-page-background-enabled":"default","ast-page-background-meta":{"desktop":{"background-color":"","background-image":"","background-repeat":"repeat","background-position":"center center","background-size":"auto","background-attachment":"scroll","background-type":"","background-media":"","overlay-type":"","overlay-color":"","overlay-opacity":"","overlay-gradient":""},"tablet":{"background-color":"","background-image":"","background-repeat":"repeat","background-position":"center center","background-size":"auto","background-attachment":"scroll","background-type":"","background-media":"","overlay-type":"","overlay-color":"","overlay-opacity":"","overlay-gradient":""},"mobile":{"background-color":"","background-image":"","background-repeat":"repeat","background-position":"center center","background-size":"auto","background-attachment":"scroll","background-type":"","background-media":"","overlay-type":"","overlay-color":"","overlay-opacity":"","overlay-gradient":""}},"ast-content-background-meta":{"desktop":{"background-color":"var(--ast-global-color-5)","background-image":"","background-repeat":"repeat","background-position":"center center","background-size":"auto","background-attachment":"scroll","background-type":"","background-media":"","overlay-type":"","overlay-color":"","overlay-opacity":"","overlay-gradient":""},"tablet":{"background-color":"var(--ast-global-color-5)","background-image":"","background-repeat":"repeat","background-position":"center center","background-size":"auto","background-attachment":"scroll","background-type":"","background-media":"","overlay-type":"","overlay-color":"","overlay-opacity":"","overlay-gradient":""},"mobile":{"background-color":"var(--ast-global-color-5)","background-image":"","background-repeat":"repeat","background-position":"center center","background-size":"auto","background-attachment":"scroll","background-type":"","background-media":"","overlay-type":"","overlay-color":"","overlay-opacity":"","overlay-gradient":""}},"footnotes":""},"categories":[1],"tags":[],"class_list":["post-137","post","type-post","status-publish","format-standard","has-post-thumbnail","hentry","category-allgemein"],"acf":[],"_links":{"self":[{"href":"https:\/\/www.tsg-leutkirch.de\/radsport\/wp-json\/wp\/v2\/posts\/137","targetHints":{"allow":["GET"]}}],"collection":[{"href":"https:\/\/www.tsg-leutkirch.de\/radsport\/wp-json\/wp\/v2\/posts"}],"about":[{"href":"https:\/\/www.tsg-leutkirch.de\/radsport\/wp-json\/wp\/v2\/types\/post"}],"author":[{"embeddable":true,"href":"https:\/\/www.tsg-leutkirch.de\/radsport\/wp-json\/wp\/v2\/users\/1"}],"replies":[{"embeddable":true,"href":"https:\/\/www.tsg-leutkirch.de\/radsport\/wp-json\/wp\/v2\/comments?post=137"}],"version-history":[{"count":2,"href":"https:\/\/www.tsg-leutkirch.de\/radsport\/wp-json\/wp\/v2\/posts\/137\/revisions"}],"predecessor-version":[{"id":139,"href":"https:\/\/www.tsg-leutkirch.de\/radsport\/wp-json\/wp\/v2\/posts\/137\/revisions\/139"}],"wp:featuredmedia":[{"embeddable":true,"href":"https:\/\/www.tsg-leutkirch.de\/radsport\/wp-json\/wp\/v2\/media\/136"}],"wp:attachment":[{"href":"https:\/\/www.tsg-leutkirch.de\/radsport\/wp-json\/wp\/v2\/media?parent=137"}],"wp:term":[{"taxonomy":"category","embeddable":true,"href":"https:\/\/www.tsg-leutkirch.de\/radsport\/wp-json\/wp\/v2\/categories?post=137"},{"taxonomy":"post_tag","embeddable":true,"href":"https:\/\/www.tsg-leutkirch.de\/radsport\/wp-json\/wp\/v2\/tags?post=137"}],"curies":[{"name":"wp","href":"https:\/\/api.w.org\/{rel}","templated":true}]}}