{"id":147,"date":"2020-04-17T10:30:05","date_gmt":"2020-04-17T08:30:05","guid":{"rendered":"http:\/\/multitsg.iamhosting.de\/radsport\/?p=147"},"modified":"2020-04-17T10:31:40","modified_gmt":"2020-04-17T08:31:40","slug":"junge-mtb-endurofahrer-der-tsg-im-spessart-erfolgreich-am-start","status":"publish","type":"post","link":"https:\/\/www.tsg-leutkirch.de\/radsport\/2020\/04\/17\/junge-mtb-endurofahrer-der-tsg-im-spessart-erfolgreich-am-start\/","title":{"rendered":"Junge MTB Endurofahrer der TSG im Spessart erfolgreich am Start."},"content":{"rendered":"\t\t<div data-elementor-type=\"wp-post\" data-elementor-id=\"147\" class=\"elementor elementor-147\" data-elementor-post-type=\"post\">\n\t\t\t\t\t\t<section class=\"elementor-section elementor-top-section elementor-element elementor-element-4c4b0a9 elementor-section-boxed elementor-section-height-default elementor-section-height-default\" data-id=\"4c4b0a9\" data-element_type=\"section\" data-e-type=\"section\" data-settings=\"{&quot;jet_parallax_layout_list&quot;:[]}\">\n\t\t\t\t\t\t<div class=\"elementor-container elementor-column-gap-default\">\n\t\t\t\t\t<div class=\"elementor-column elementor-col-100 elementor-top-column elementor-element elementor-element-80bd43c\" data-id=\"80bd43c\" data-element_type=\"column\" data-e-type=\"column\">\n\t\t\t<div class=\"elementor-widget-wrap elementor-element-populated\">\n\t\t\t\t\t\t<div class=\"elementor-element elementor-element-296a5fc elementor-widget elementor-widget-text-editor\" data-id=\"296a5fc\" data-element_type=\"widget\" data-e-type=\"widget\" data-widget_type=\"text-editor.default\">\n\t\t\t\t<div class=\"elementor-widget-container\">\n\t\t\t\t\t\t\t\t\t<p>Im Naturpark Spessart in Frammersbach fand ein Lauf zur Enduro-One Serie f\u00fcr Mountainbiker statt. Rund um den Sauerberg legte der Veranstalter sieben Wertungs-Stages auf naturnahen Strecken in den scheinbar endlosen W\u00e4ldern des Mittelgebirges an.<\/p><p>Von der TSG gingen Maxima Jaax, Julian Kraus, Luis Jaax und Maximilian Kraus an den Start. Am Samstag waren f\u00fcr die so genannten E1-Wildchilds bei herbstlich-feuchten Bedingungen zwei anspruchsvolle Wertungsl\u00e4ufe zu meistern. In der Altersklasse U13 fuhr Maxima im ersten Stage, welches neben wurzeligen Passagen auch einen weiten Sprung beinhaltete auf Platz 8 sowie Julian Kraus auf den 18. Platz. Im zweiten Teil des Rennens hatten die beiden jungen Talente leider Pech und st\u00fcrzten an der gleichen Stelle, dennoch brachten Sie ihre L\u00e4ufe als jeweils 12. und 18. noch mit passablen Zeiten ins Ziel. Maxima kam als schnellste der drei gestarteten M\u00e4dchen in dieser von Buben dominierten Rennklasse mit \u00fcber 30 Teilnehmern noch auf den hervorragenden 9. Und Julian auf den 16. Gesamtrang.<\/p><p>F\u00fcr Luis Jaax lief an diesem Wochenende alles nach Plan. Er fuhr die zwei anspruchsvollen Trails technisch einwandfrei und pr\u00e4zise durch und konnte beweisen, dass er auch mit unterlegenem Material an der Spitze mithalten kann. Seine beiden, im Vergleich mit der etablierten Konkurrenz, konstanten L\u00e4ufe, brachten ihm letztendlich den Tagessieg der Enduro-One-Wildchilds von diesem Wochenende.<\/p><p>F\u00fcr den jungen Maximilian Kraus war dies der zweite Einsatz im Halbprofi-Feld der Lizenzfahrer U19. Die insgesamt 74 Starter in dieser hart umk\u00e4mpften Rennklasse hatten insgesamt sieben Stages in den weitl\u00e4ufigen Spessartw\u00e4ldern zu bewerkstelligen. Maximilian lies bereits in Stage 2 die etablierte Konkurrenz aufhorchen, in dem er hier die neunt beste Zeit seiner Klasse einfuhr. Leider hatte er in der zweiten Abfahrt einen Sturz bei dem sich seine Kette verhakte, was ihm in Folge dann auch noch in der dritten Wertungspr\u00fcfung weitere Probleme bereitete. Erst in den letzten beiden Durchg\u00e4ngen konnte er sich wieder ins Rennen zur\u00fcckk\u00e4mpfen und sein Talent mit den Pl\u00e4tzen 13 und 14 unter Beweis stellen. Auf Grund der vorangegangen technischen Probleme musste er sich schlie\u00dflich mit dem 43. Platz in der Gesamtwertung zufrieden geben und l\u00e4sst f\u00fcr die Zukunft noch einiges in dieser noch jungen Sportart erwarten.<\/p>\t\t\t\t\t\t\t\t<\/div>\n\t\t\t\t<\/div>\n\t\t\t\t\t<\/div>\n\t\t<\/div>\n\t\t\t\t\t<\/div>\n\t\t<\/section>\n\t\t\t\t<\/div>\n\t\t","protected":false},"excerpt":{"rendered":"<p>Im Naturpark Spessart in Frammersbach fand ein Lauf zur Enduro-One Serie f\u00fcr Mountainbiker statt. Rund um den Sauerberg legte der Veranstalter sieben Wertungs-Stages auf naturnahen Strecken in den scheinbar endlosen W\u00e4ldern des Mittelgebirges an. Von der TSG gingen Maxima Jaax, Julian Kraus, Luis Jaax und Maximilian Kraus an den Start. Am Samstag waren f\u00fcr die [&hellip;]<\/p>\n","protected":false},"author":1,"featured_media":148,"comment_status":"open","ping_status":"open","sticky":false,"template":"","format":"standard","meta":{"_acf_changed":false,"site-sidebar-layout":"default","site-content-layout":"default","ast-site-content-layout":"default","site-content-style":"default","site-sidebar-style":"default","ast-global-header-display":"","ast-banner-title-visibility":"","ast-main-header-display":"","ast-hfb-above-header-display":"","ast-hfb-below-header-display":"","ast-hfb-mobile-header-display":"","site-post-title":"","ast-breadcrumbs-content":"","ast-featured-img":"","footer-sml-layout":"","ast-disable-related-posts":"","theme-transparent-header-meta":"default","adv-header-id-meta":"","stick-header-meta":"default","header-above-stick-meta":"","header-main-stick-meta":"","header-below-stick-meta":"","astra-migrate-meta-layouts":"default","ast-page-background-enabled":"default","ast-page-background-meta":{"desktop":{"background-color":"","background-image":"","background-repeat":"repeat","background-position":"center center","background-size":"auto","background-attachment":"scroll","background-type":"","background-media":"","overlay-type":"","overlay-color":"","overlay-opacity":"","overlay-gradient":""},"tablet":{"background-color":"","background-image":"","background-repeat":"repeat","background-position":"center center","background-size":"auto","background-attachment":"scroll","background-type":"","background-media":"","overlay-type":"","overlay-color":"","overlay-opacity":"","overlay-gradient":""},"mobile":{"background-color":"","background-image":"","background-repeat":"repeat","background-position":"center center","background-size":"auto","background-attachment":"scroll","background-type":"","background-media":"","overlay-type":"","overlay-color":"","overlay-opacity":"","overlay-gradient":""}},"ast-content-background-meta":{"desktop":{"background-color":"var(--ast-global-color-5)","background-image":"","background-repeat":"repeat","background-position":"center center","background-size":"auto","background-attachment":"scroll","background-type":"","background-media":"","overlay-type":"","overlay-color":"","overlay-opacity":"","overlay-gradient":""},"tablet":{"background-color":"var(--ast-global-color-5)","background-image":"","background-repeat":"repeat","background-position":"center center","background-size":"auto","background-attachment":"scroll","background-type":"","background-media":"","overlay-type":"","overlay-color":"","overlay-opacity":"","overlay-gradient":""},"mobile":{"background-color":"var(--ast-global-color-5)","background-image":"","background-repeat":"repeat","background-position":"center center","background-size":"auto","background-attachment":"scroll","background-type":"","background-media":"","overlay-type":"","overlay-color":"","overlay-opacity":"","overlay-gradient":""}},"footnotes":""},"categories":[1],"tags":[],"class_list":["post-147","post","type-post","status-publish","format-standard","has-post-thumbnail","hentry","category-allgemein"],"acf":[],"_links":{"self":[{"href":"https:\/\/www.tsg-leutkirch.de\/radsport\/wp-json\/wp\/v2\/posts\/147","targetHints":{"allow":["GET"]}}],"collection":[{"href":"https:\/\/www.tsg-leutkirch.de\/radsport\/wp-json\/wp\/v2\/posts"}],"about":[{"href":"https:\/\/www.tsg-leutkirch.de\/radsport\/wp-json\/wp\/v2\/types\/post"}],"author":[{"embeddable":true,"href":"https:\/\/www.tsg-leutkirch.de\/radsport\/wp-json\/wp\/v2\/users\/1"}],"replies":[{"embeddable":true,"href":"https:\/\/www.tsg-leutkirch.de\/radsport\/wp-json\/wp\/v2\/comments?post=147"}],"version-history":[{"count":2,"href":"https:\/\/www.tsg-leutkirch.de\/radsport\/wp-json\/wp\/v2\/posts\/147\/revisions"}],"predecessor-version":[{"id":150,"href":"https:\/\/www.tsg-leutkirch.de\/radsport\/wp-json\/wp\/v2\/posts\/147\/revisions\/150"}],"wp:featuredmedia":[{"embeddable":true,"href":"https:\/\/www.tsg-leutkirch.de\/radsport\/wp-json\/wp\/v2\/media\/148"}],"wp:attachment":[{"href":"https:\/\/www.tsg-leutkirch.de\/radsport\/wp-json\/wp\/v2\/media?parent=147"}],"wp:term":[{"taxonomy":"category","embeddable":true,"href":"https:\/\/www.tsg-leutkirch.de\/radsport\/wp-json\/wp\/v2\/categories?post=147"},{"taxonomy":"post_tag","embeddable":true,"href":"https:\/\/www.tsg-leutkirch.de\/radsport\/wp-json\/wp\/v2\/tags?post=147"}],"curies":[{"name":"wp","href":"https:\/\/api.w.org\/{rel}","templated":true}]}}