{"id":165,"date":"2020-04-17T10:42:20","date_gmt":"2020-04-17T08:42:20","guid":{"rendered":"http:\/\/multitsg.iamhosting.de\/radsport\/?p=165"},"modified":"2020-04-17T10:43:45","modified_gmt":"2020-04-17T08:43:45","slug":"verkehrsrecht-auf-dem-fahrrad","status":"publish","type":"post","link":"https:\/\/www.tsg-leutkirch.de\/radsport\/2020\/04\/17\/verkehrsrecht-auf-dem-fahrrad\/","title":{"rendered":"Verkehrsrecht auf dem Fahrrad"},"content":{"rendered":"\t\t<div data-elementor-type=\"wp-post\" data-elementor-id=\"165\" class=\"elementor elementor-165\" data-elementor-post-type=\"post\">\n\t\t\t\t\t\t<section class=\"elementor-section elementor-top-section elementor-element elementor-element-b548ab6 elementor-section-boxed elementor-section-height-default elementor-section-height-default\" data-id=\"b548ab6\" data-element_type=\"section\" data-e-type=\"section\" data-settings=\"{&quot;jet_parallax_layout_list&quot;:[]}\">\n\t\t\t\t\t\t<div class=\"elementor-container elementor-column-gap-default\">\n\t\t\t\t\t<div class=\"elementor-column elementor-col-100 elementor-top-column elementor-element elementor-element-d853beb\" data-id=\"d853beb\" data-element_type=\"column\" data-e-type=\"column\">\n\t\t\t<div class=\"elementor-widget-wrap elementor-element-populated\">\n\t\t\t\t\t\t<div class=\"elementor-element elementor-element-fef0572 elementor-widget elementor-widget-text-editor\" data-id=\"fef0572\" data-element_type=\"widget\" data-e-type=\"widget\" data-widget_type=\"text-editor.default\">\n\t\t\t\t<div class=\"elementor-widget-container\">\n\t\t\t\t\t\t\t\t\t<p>Liebe Radsportler,<br \/>nachdem uns in den letzten Wochen schon bestes Radlwetter \u00fcber die fehlenden Wintersportm\u00f6glichkeiten hinwegtr\u00f6stete, sind wir auch schon wieder dabei die kommende Radsaison durchzuplanen.<br \/><br \/><strong>Unser 1. Termin<\/strong>\u00a0besteht aus einem Infoabend zum Thema\u00a0<strong>&#8222;Verkehrsrecht auf dem Fahrrad<\/strong>&#8220; Martin M\u00fchlegg, seines Zeichens Polizist, hat sich bereit erkl\u00e4rt uns in Sachen Rechte und Pflichten im Strassenverkehr \u00fcber alles aktuelle (und auch alte) aufzukl\u00e4ren.<br \/>Das ganze findet im TSG Vereinsheim hinten statt.\u00a0<strong>Termin ist Freitag der 6.M\u00e4rz um 18:00Uhr<br \/><\/strong><span style=\"font-size: 16px;\">Das ganze soll so ablaufen: Erst ca.45 Minuten Info, danach k\u00f6nnen Fragen gestellt werden. Wer also Fragen hat, bitte mitbringen!<br \/><\/span>Der Abend soll vor allem alle Trainer und Gruppenleiter ansprechen, aber jedes Vereinsmitglied ist nat\u00fcrlich auch willkommen. Falls der Raum zu klein ist m\u00fcssen wir das ganze zu einem sp\u00e4teren Zeitpunkt wiederholen. Da fehlt uns erst auch mal die Einsch\u00e4tzung dazu.<\/p><p><strong>Der 2. Termin<\/strong>\u00a0findet dann am 21. M\u00e4rz statt. Dann n\u00e4mlich veranstalten wir wieder unsere\u00a0<strong>Radb\u00f6rse im Autohaus Mayer &amp; Kloos<\/strong><\/p><p>Wie immer ben\u00f6tigen wir hierzu auch wieder Helfer f\u00fcr den Verkauf, Auf-und Abbau, Beratung etc. Wer morgens, mittags oder ganzt\u00e4gig Zeit hat darf sich direkt bei mir oder Feddi Hafner (07561 71816) melden.<\/p>\t\t\t\t\t\t\t\t<\/div>\n\t\t\t\t<\/div>\n\t\t\t\t\t<\/div>\n\t\t<\/div>\n\t\t\t\t\t<\/div>\n\t\t<\/section>\n\t\t\t\t<\/div>\n\t\t","protected":false},"excerpt":{"rendered":"<p>Liebe Radsportler,nachdem uns in den letzten Wochen schon bestes Radlwetter \u00fcber die fehlenden Wintersportm\u00f6glichkeiten hinwegtr\u00f6stete, sind wir auch schon wieder dabei die kommende Radsaison durchzuplanen. Unser 1. Termin\u00a0besteht aus einem Infoabend zum Thema\u00a0&#8222;Verkehrsrecht auf dem Fahrrad&#8220; Martin M\u00fchlegg, seines Zeichens Polizist, hat sich bereit erkl\u00e4rt uns in Sachen Rechte und Pflichten im Strassenverkehr \u00fcber alles [&hellip;]<\/p>\n","protected":false},"author":1,"featured_media":0,"comment_status":"open","ping_status":"open","sticky":false,"template":"","format":"standard","meta":{"_acf_changed":false,"site-sidebar-layout":"default","site-content-layout":"default","ast-site-content-layout":"default","site-content-style":"default","site-sidebar-style":"default","ast-global-header-display":"","ast-banner-title-visibility":"","ast-main-header-display":"","ast-hfb-above-header-display":"","ast-hfb-below-header-display":"","ast-hfb-mobile-header-display":"","site-post-title":"","ast-breadcrumbs-content":"","ast-featured-img":"","footer-sml-layout":"","ast-disable-related-posts":"","theme-transparent-header-meta":"default","adv-header-id-meta":"","stick-header-meta":"default","header-above-stick-meta":"","header-main-stick-meta":"","header-below-stick-meta":"","astra-migrate-meta-layouts":"default","ast-page-background-enabled":"default","ast-page-background-meta":{"desktop":{"background-color":"","background-image":"","background-repeat":"repeat","background-position":"center center","background-size":"auto","background-attachment":"scroll","background-type":"","background-media":"","overlay-type":"","overlay-color":"","overlay-opacity":"","overlay-gradient":""},"tablet":{"background-color":"","background-image":"","background-repeat":"repeat","background-position":"center center","background-size":"auto","background-attachment":"scroll","background-type":"","background-media":"","overlay-type":"","overlay-color":"","overlay-opacity":"","overlay-gradient":""},"mobile":{"background-color":"","background-image":"","background-repeat":"repeat","background-position":"center center","background-size":"auto","background-attachment":"scroll","background-type":"","background-media":"","overlay-type":"","overlay-color":"","overlay-opacity":"","overlay-gradient":""}},"ast-content-background-meta":{"desktop":{"background-color":"var(--ast-global-color-5)","background-image":"","background-repeat":"repeat","background-position":"center center","background-size":"auto","background-attachment":"scroll","background-type":"","background-media":"","overlay-type":"","overlay-color":"","overlay-opacity":"","overlay-gradient":""},"tablet":{"background-color":"var(--ast-global-color-5)","background-image":"","background-repeat":"repeat","background-position":"center center","background-size":"auto","background-attachment":"scroll","background-type":"","background-media":"","overlay-type":"","overlay-color":"","overlay-opacity":"","overlay-gradient":""},"mobile":{"background-color":"var(--ast-global-color-5)","background-image":"","background-repeat":"repeat","background-position":"center center","background-size":"auto","background-attachment":"scroll","background-type":"","background-media":"","overlay-type":"","overlay-color":"","overlay-opacity":"","overlay-gradient":""}},"footnotes":""},"categories":[1],"tags":[],"class_list":["post-165","post","type-post","status-publish","format-standard","hentry","category-allgemein"],"acf":[],"_links":{"self":[{"href":"https:\/\/www.tsg-leutkirch.de\/radsport\/wp-json\/wp\/v2\/posts\/165","targetHints":{"allow":["GET"]}}],"collection":[{"href":"https:\/\/www.tsg-leutkirch.de\/radsport\/wp-json\/wp\/v2\/posts"}],"about":[{"href":"https:\/\/www.tsg-leutkirch.de\/radsport\/wp-json\/wp\/v2\/types\/post"}],"author":[{"embeddable":true,"href":"https:\/\/www.tsg-leutkirch.de\/radsport\/wp-json\/wp\/v2\/users\/1"}],"replies":[{"embeddable":true,"href":"https:\/\/www.tsg-leutkirch.de\/radsport\/wp-json\/wp\/v2\/comments?post=165"}],"version-history":[{"count":2,"href":"https:\/\/www.tsg-leutkirch.de\/radsport\/wp-json\/wp\/v2\/posts\/165\/revisions"}],"predecessor-version":[{"id":167,"href":"https:\/\/www.tsg-leutkirch.de\/radsport\/wp-json\/wp\/v2\/posts\/165\/revisions\/167"}],"wp:attachment":[{"href":"https:\/\/www.tsg-leutkirch.de\/radsport\/wp-json\/wp\/v2\/media?parent=165"}],"wp:term":[{"taxonomy":"category","embeddable":true,"href":"https:\/\/www.tsg-leutkirch.de\/radsport\/wp-json\/wp\/v2\/categories?post=165"},{"taxonomy":"post_tag","embeddable":true,"href":"https:\/\/www.tsg-leutkirch.de\/radsport\/wp-json\/wp\/v2\/tags?post=165"}],"curies":[{"name":"wp","href":"https:\/\/api.w.org\/{rel}","templated":true}]}}