{"id":170,"date":"2020-04-17T10:45:12","date_gmt":"2020-04-17T08:45:12","guid":{"rendered":"http:\/\/multitsg.iamhosting.de\/radsport\/?p=170"},"modified":"2020-04-17T10:45:34","modified_gmt":"2020-04-17T08:45:34","slug":"radrennfahrer-der-tsg-im-trainingslager-in-spanien","status":"publish","type":"post","link":"https:\/\/www.tsg-leutkirch.de\/radsport\/2020\/04\/17\/radrennfahrer-der-tsg-im-trainingslager-in-spanien\/","title":{"rendered":"Radrennfahrer der TSG im Trainingslager in Spanien"},"content":{"rendered":"\t\t<div data-elementor-type=\"wp-post\" data-elementor-id=\"170\" class=\"elementor elementor-170\" data-elementor-post-type=\"post\">\n\t\t\t\t\t\t<section class=\"elementor-section elementor-top-section elementor-element elementor-element-5df3d53 elementor-section-boxed elementor-section-height-default elementor-section-height-default\" data-id=\"5df3d53\" data-element_type=\"section\" data-e-type=\"section\" data-settings=\"{&quot;jet_parallax_layout_list&quot;:[]}\">\n\t\t\t\t\t\t<div class=\"elementor-container elementor-column-gap-default\">\n\t\t\t\t\t<div class=\"elementor-column elementor-col-100 elementor-top-column elementor-element elementor-element-e37ca63\" data-id=\"e37ca63\" data-element_type=\"column\" data-e-type=\"column\">\n\t\t\t<div class=\"elementor-widget-wrap elementor-element-populated\">\n\t\t\t\t\t\t<div class=\"elementor-element elementor-element-4edf9be elementor-widget elementor-widget-text-editor\" data-id=\"4edf9be\" data-element_type=\"widget\" data-e-type=\"widget\" data-widget_type=\"text-editor.default\">\n\t\t\t\t<div class=\"elementor-widget-container\">\n\t\t\t\t\t\t\t\t\t<p>ur Vorbereitung auf die Rennsaison absolvierte das Amateur Radteam der TSG in den Faschingsferien das zweite Trainingslager nach Weihnachten. In Katalonien, etwas n\u00f6rdlich von Tarragona gelegen, fanden die Fahrer perfekte Trainingsbedingungen vor. Aus dem Rennteam waren Max Engel, Matthias Hermann, Thomas H\u00f6lzler, Benjamin Doser, Valentin Kegrei\u00df sowie Max Krohmer als Jedermannfahrer. Damit es den Fahrern an nichts fehlte sorgten die Eltern von Max Engel f\u00fcr das leibliche Wohl.<\/p><p>Die Anreise nach Spanien erfolgte mit dem Vereinsbus in dem alle Personen und Fahrr\u00e4der komplett untergebracht wurden. Hier gilt ein gro\u00dfer Dank der Firma Kuhn Bau die das Fahrzeug als Sponsoring zur Verf\u00fcgung stellt. Da einige Fahrer schon \u00f6fter in der Gegend trainierten, wurden schnell attraktive Touren gefunden. \u00a0Am Anreisetag erfolgte noch die erste Ausfahrt mit ca. 90 Km. Bei idealem Wetter konnte in kurzer Radkleidung gefahren werden. An den beiden weiteren Tagen blieb das Wetter unver\u00e4ndert gut, so dass Ausfahrten mit 130 und 150 Km absolviert wurden. Auf traumhaften kleinen Stra\u00dfen mit gr\u00f6\u00dftenteils gutem Asphalt und fast ohne Verkehr ging es dabei auch in das spanische Hinterland wo die ersten Anstiege warteten. Bei der dritten Ausfahrt wurden bereits mehr als 2000 Hm \u00fcberwunden. W\u00e4hrend den Pausen hatten die Fahrer Gelegenheit Land und Leute etwas kennenzulernen. Dabei zeigte sich schnell dass der Radsport in Spanien einen h\u00f6heren Stellenwert hat als in Deutschland. Alle Autofahrer waren gegen\u00fcber den Sportlern sehr tolerant und auch an den Bars kam es vor, dass die Fahrer nach einer Pause oder am Vorbeifahren f\u00f6rmlich bewundert und sogar angefeuert wurden.<\/p><p>Am vierten Tag lie\u00dfen es die Fahrer ruhig angehen. Einige unternahmen ein kurze Ausfahrt zum n\u00e4chsten Caf\u00e9 oder erkundeten den \u00f6rtlichen Strand. Der ein oder andere wagte sogar einen Sprung in den hauseigenen Pool und sogar in das Meer.<\/p><p>Im zweiten Trainingsblock mit drei Ausfahrten wurden Kilometer und H\u00f6henmeter weiter gesteigert. Das eigentliche Highlight war jedoch eine Ausfahrt mit einer spanischen Profifahrerin, die die Fahrer bereits an Weihnachten in dieser Gegen kennengelernt hatten. Bei dieser Ausfahrt standen bereits 175 Km zu Buche. Am letzten Tag setzten sich die Fahrer dann das Ziel die 200 Km Marke zu knacken. Jedoch wurde keineswegs ein leichtes Streckenprofil gew\u00e4hlt, so dass auch 2500 Hm \u00fcberwunden wurden. Leider spielte zum ersten Mal das Wetter nicht richtig mit, so dass es gegen Ende der Ausfahrt etwas regnete. Die Fahrer lie\u00dfen es trotz Regen richtig krachen und absolvierten die lange Fahrt sogar mit einem Stundenmittel von \u00fcber 30 Km\/h.<\/p><p>Insgesamt wurden w\u00e4hrend der Trainingswoche 920 Kilometer gesammelt. Neben Ausfahrten f\u00fcr die Grundlagenausdauer standen auch schon einige intensivere Trainings auf dem Programm, so dass sich die Rennfahrer gut ger\u00fcstet f\u00fcr die anstehende Saison sehen. Au\u00dfer einem Reifenschaden am ersten Tag gab es keine Pannen oder Unf\u00e4lle.<\/p>\t\t\t\t\t\t\t\t<\/div>\n\t\t\t\t<\/div>\n\t\t\t\t\t<\/div>\n\t\t<\/div>\n\t\t\t\t\t<\/div>\n\t\t<\/section>\n\t\t\t\t<\/div>\n\t\t","protected":false},"excerpt":{"rendered":"<p>ur Vorbereitung auf die Rennsaison absolvierte das Amateur Radteam der TSG in den Faschingsferien das zweite Trainingslager nach Weihnachten. In Katalonien, etwas n\u00f6rdlich von Tarragona gelegen, fanden die Fahrer perfekte Trainingsbedingungen vor. Aus dem Rennteam waren Max Engel, Matthias Hermann, Thomas H\u00f6lzler, Benjamin Doser, Valentin Kegrei\u00df sowie Max Krohmer als Jedermannfahrer. Damit es den Fahrern [&hellip;]<\/p>\n","protected":false},"author":1,"featured_media":169,"comment_status":"open","ping_status":"open","sticky":false,"template":"","format":"standard","meta":{"_acf_changed":false,"site-sidebar-layout":"default","site-content-layout":"default","ast-site-content-layout":"default","site-content-style":"default","site-sidebar-style":"default","ast-global-header-display":"","ast-banner-title-visibility":"","ast-main-header-display":"","ast-hfb-above-header-display":"","ast-hfb-below-header-display":"","ast-hfb-mobile-header-display":"","site-post-title":"","ast-breadcrumbs-content":"","ast-featured-img":"","footer-sml-layout":"","ast-disable-related-posts":"","theme-transparent-header-meta":"default","adv-header-id-meta":"","stick-header-meta":"default","header-above-stick-meta":"","header-main-stick-meta":"","header-below-stick-meta":"","astra-migrate-meta-layouts":"default","ast-page-background-enabled":"default","ast-page-background-meta":{"desktop":{"background-color":"","background-image":"","background-repeat":"repeat","background-position":"center center","background-size":"auto","background-attachment":"scroll","background-type":"","background-media":"","overlay-type":"","overlay-color":"","overlay-opacity":"","overlay-gradient":""},"tablet":{"background-color":"","background-image":"","background-repeat":"repeat","background-position":"center center","background-size":"auto","background-attachment":"scroll","background-type":"","background-media":"","overlay-type":"","overlay-color":"","overlay-opacity":"","overlay-gradient":""},"mobile":{"background-color":"","background-image":"","background-repeat":"repeat","background-position":"center center","background-size":"auto","background-attachment":"scroll","background-type":"","background-media":"","overlay-type":"","overlay-color":"","overlay-opacity":"","overlay-gradient":""}},"ast-content-background-meta":{"desktop":{"background-color":"var(--ast-global-color-5)","background-image":"","background-repeat":"repeat","background-position":"center center","background-size":"auto","background-attachment":"scroll","background-type":"","background-media":"","overlay-type":"","overlay-color":"","overlay-opacity":"","overlay-gradient":""},"tablet":{"background-color":"var(--ast-global-color-5)","background-image":"","background-repeat":"repeat","background-position":"center center","background-size":"auto","background-attachment":"scroll","background-type":"","background-media":"","overlay-type":"","overlay-color":"","overlay-opacity":"","overlay-gradient":""},"mobile":{"background-color":"var(--ast-global-color-5)","background-image":"","background-repeat":"repeat","background-position":"center center","background-size":"auto","background-attachment":"scroll","background-type":"","background-media":"","overlay-type":"","overlay-color":"","overlay-opacity":"","overlay-gradient":""}},"footnotes":""},"categories":[1],"tags":[],"class_list":["post-170","post","type-post","status-publish","format-standard","has-post-thumbnail","hentry","category-allgemein"],"acf":[],"_links":{"self":[{"href":"https:\/\/www.tsg-leutkirch.de\/radsport\/wp-json\/wp\/v2\/posts\/170","targetHints":{"allow":["GET"]}}],"collection":[{"href":"https:\/\/www.tsg-leutkirch.de\/radsport\/wp-json\/wp\/v2\/posts"}],"about":[{"href":"https:\/\/www.tsg-leutkirch.de\/radsport\/wp-json\/wp\/v2\/types\/post"}],"author":[{"embeddable":true,"href":"https:\/\/www.tsg-leutkirch.de\/radsport\/wp-json\/wp\/v2\/users\/1"}],"replies":[{"embeddable":true,"href":"https:\/\/www.tsg-leutkirch.de\/radsport\/wp-json\/wp\/v2\/comments?post=170"}],"version-history":[{"count":2,"href":"https:\/\/www.tsg-leutkirch.de\/radsport\/wp-json\/wp\/v2\/posts\/170\/revisions"}],"predecessor-version":[{"id":172,"href":"https:\/\/www.tsg-leutkirch.de\/radsport\/wp-json\/wp\/v2\/posts\/170\/revisions\/172"}],"wp:featuredmedia":[{"embeddable":true,"href":"https:\/\/www.tsg-leutkirch.de\/radsport\/wp-json\/wp\/v2\/media\/169"}],"wp:attachment":[{"href":"https:\/\/www.tsg-leutkirch.de\/radsport\/wp-json\/wp\/v2\/media?parent=170"}],"wp:term":[{"taxonomy":"category","embeddable":true,"href":"https:\/\/www.tsg-leutkirch.de\/radsport\/wp-json\/wp\/v2\/categories?post=170"},{"taxonomy":"post_tag","embeddable":true,"href":"https:\/\/www.tsg-leutkirch.de\/radsport\/wp-json\/wp\/v2\/tags?post=170"}],"curies":[{"name":"wp","href":"https:\/\/api.w.org\/{rel}","templated":true}]}}