{"id":4693,"date":"2021-09-21T09:00:57","date_gmt":"2021-09-21T07:00:57","guid":{"rendered":"https:\/\/www.tsg-leutkirch.de\/radsport\/?p=4693"},"modified":"2021-09-21T09:00:57","modified_gmt":"2021-09-21T07:00:57","slug":"tsg-radrennfahrer-beim-aeltesten-kriterium-in-wangen","status":"publish","type":"post","link":"https:\/\/www.tsg-leutkirch.de\/radsport\/2021\/09\/21\/tsg-radrennfahrer-beim-aeltesten-kriterium-in-wangen\/","title":{"rendered":"TSG Radrennfahrer beim \u00e4ltesten Kriterium in Wangen."},"content":{"rendered":"<p>Das Kriterium um das goldene Rad der Stadt Wangen lie\u00df anhand der Starterliste auf einen Zweikampf zwischen den Altrivalen RSC Kempten mit dem deutschen Kriteriums Meister Jonas Schmeiser, Rad Union Wangen und Team Erdgas Schwaben schlie\u00dfen. Doch auch Teams aus Tschechien, \u00d6sterreich und kleinere Zweimannteams und Einzelfahrer vervollst\u00e4ndigten das Feld. Von der TSG aus Leutkirch waren drei Fahrer in drei Wertungen am Start. Gewohnt fuhr Antonia Hoffmann souver\u00e4n in der weiblichen Klasse U15 wieder aufs Podest und wurde dritte. Jakob Frech behauptete in der U19 seine Mittelfeldstellung in seiner ersten Rennsaison und kam in einem gut besetzten Feld auf Platz sieben. P\u00fcnktlich zum Start der Profi- und Elitefahrer begann der gro\u00dfe Regen, den Rennfahrern standen ungem\u00fctliche kalte 80 Runden und 92 KM bevor. Als ehemaliger Rad Union Bundesligafahrer war von der TSG Valentin Kegrei\u00df mit am Start. Der Rennverlauf verlief erwartungsgem\u00e4\u00df, Jonas Schmeiser gewann neben den Wangener Fahrern die meisten Wertungspunkte. Valentin Kegrei\u00df hatte es nicht einfach, zeigte sich mehrmals an der Spitze und holte Platzierungen in Preis- und Wertungsrunden. Im letzten Renndrittel ereignete sich wetterbedingt ein schwerer Sturz, einige Fahrer des Feldes, auch Kegrei\u00df, waren mitverwickelt. Das Rennen wurde unterbrochen und einige Runden neutralisiert. Der Neustart war f\u00fcr die ausgek\u00fchlten Fahrer eine Herausforderung. Der Leutkircher meisterte dies auch und fuhr als bester Einzelfahrer ohne Teamunterst\u00fctzung auf den hervorragenden siebten Gesamtplatz. Sieger wurde wie erwartet Jons Schmeiser aus Kempten vor Fabian Danner aus Wangen, der die Schlu\u00dfwertung gewann, und Leslie L\u00fchrs vom Team Tyrol KTM Cycling die ziemlich durchgefroren vom Wangener OB geehrt wurden.<\/p>\n","protected":false},"excerpt":{"rendered":"<p>Das Kriterium um das goldene Rad der Stadt Wangen lie\u00df anhand der Starterliste auf einen Zweikampf zwischen den Altrivalen RSC Kempten mit dem deutschen Kriteriums Meister Jonas Schmeiser, Rad Union Wangen und Team Erdgas Schwaben schlie\u00dfen. Doch auch Teams aus Tschechien, \u00d6sterreich und kleinere Zweimannteams und Einzelfahrer vervollst\u00e4ndigten das Feld. Von der TSG aus Leutkirch [&hellip;]<\/p>\n","protected":false},"author":5,"featured_media":4694,"comment_status":"open","ping_status":"open","sticky":false,"template":"","format":"standard","meta":{"_acf_changed":false,"site-sidebar-layout":"default","site-content-layout":"default","ast-site-content-layout":"default","site-content-style":"default","site-sidebar-style":"default","ast-global-header-display":"","ast-banner-title-visibility":"","ast-main-header-display":"","ast-hfb-above-header-display":"","ast-hfb-below-header-display":"","ast-hfb-mobile-header-display":"","site-post-title":"","ast-breadcrumbs-content":"","ast-featured-img":"","footer-sml-layout":"","ast-disable-related-posts":"","theme-transparent-header-meta":"default","adv-header-id-meta":"","stick-header-meta":"default","header-above-stick-meta":"","header-main-stick-meta":"","header-below-stick-meta":"","astra-migrate-meta-layouts":"default","ast-page-background-enabled":"default","ast-page-background-meta":{"desktop":{"background-color":"","background-image":"","background-repeat":"repeat","background-position":"center center","background-size":"auto","background-attachment":"scroll","background-type":"","background-media":"","overlay-type":"","overlay-color":"","overlay-opacity":"","overlay-gradient":""},"tablet":{"background-color":"","background-image":"","background-repeat":"repeat","background-position":"center center","background-size":"auto","background-attachment":"scroll","background-type":"","background-media":"","overlay-type":"","overlay-color":"","overlay-opacity":"","overlay-gradient":""},"mobile":{"background-color":"","background-image":"","background-repeat":"repeat","background-position":"center center","background-size":"auto","background-attachment":"scroll","background-type":"","background-media":"","overlay-type":"","overlay-color":"","overlay-opacity":"","overlay-gradient":""}},"ast-content-background-meta":{"desktop":{"background-color":"var(--ast-global-color-5)","background-image":"","background-repeat":"repeat","background-position":"center center","background-size":"auto","background-attachment":"scroll","background-type":"","background-media":"","overlay-type":"","overlay-color":"","overlay-opacity":"","overlay-gradient":""},"tablet":{"background-color":"var(--ast-global-color-5)","background-image":"","background-repeat":"repeat","background-position":"center center","background-size":"auto","background-attachment":"scroll","background-type":"","background-media":"","overlay-type":"","overlay-color":"","overlay-opacity":"","overlay-gradient":""},"mobile":{"background-color":"var(--ast-global-color-5)","background-image":"","background-repeat":"repeat","background-position":"center center","background-size":"auto","background-attachment":"scroll","background-type":"","background-media":"","overlay-type":"","overlay-color":"","overlay-opacity":"","overlay-gradient":""}},"footnotes":""},"categories":[1],"tags":[],"class_list":["post-4693","post","type-post","status-publish","format-standard","has-post-thumbnail","hentry","category-allgemein"],"acf":[],"_links":{"self":[{"href":"https:\/\/www.tsg-leutkirch.de\/radsport\/wp-json\/wp\/v2\/posts\/4693","targetHints":{"allow":["GET"]}}],"collection":[{"href":"https:\/\/www.tsg-leutkirch.de\/radsport\/wp-json\/wp\/v2\/posts"}],"about":[{"href":"https:\/\/www.tsg-leutkirch.de\/radsport\/wp-json\/wp\/v2\/types\/post"}],"author":[{"embeddable":true,"href":"https:\/\/www.tsg-leutkirch.de\/radsport\/wp-json\/wp\/v2\/users\/5"}],"replies":[{"embeddable":true,"href":"https:\/\/www.tsg-leutkirch.de\/radsport\/wp-json\/wp\/v2\/comments?post=4693"}],"version-history":[{"count":1,"href":"https:\/\/www.tsg-leutkirch.de\/radsport\/wp-json\/wp\/v2\/posts\/4693\/revisions"}],"predecessor-version":[{"id":4695,"href":"https:\/\/www.tsg-leutkirch.de\/radsport\/wp-json\/wp\/v2\/posts\/4693\/revisions\/4695"}],"wp:featuredmedia":[{"embeddable":true,"href":"https:\/\/www.tsg-leutkirch.de\/radsport\/wp-json\/wp\/v2\/media\/4694"}],"wp:attachment":[{"href":"https:\/\/www.tsg-leutkirch.de\/radsport\/wp-json\/wp\/v2\/media?parent=4693"}],"wp:term":[{"taxonomy":"category","embeddable":true,"href":"https:\/\/www.tsg-leutkirch.de\/radsport\/wp-json\/wp\/v2\/categories?post=4693"},{"taxonomy":"post_tag","embeddable":true,"href":"https:\/\/www.tsg-leutkirch.de\/radsport\/wp-json\/wp\/v2\/tags?post=4693"}],"curies":[{"name":"wp","href":"https:\/\/api.w.org\/{rel}","templated":true}]}}