{"id":7100,"date":"2023-05-21T19:58:30","date_gmt":"2023-05-21T17:58:30","guid":{"rendered":"https:\/\/www.tsg-leutkirch.de\/radsport\/?p=7100"},"modified":"2023-05-21T19:58:30","modified_gmt":"2023-05-21T17:58:30","slug":"leutkircher-radsportler-starten-bei-der-baden-wuerttembergischen-meisterschaft","status":"publish","type":"post","link":"https:\/\/www.tsg-leutkirch.de\/radsport\/2023\/05\/21\/leutkircher-radsportler-starten-bei-der-baden-wuerttembergischen-meisterschaft\/","title":{"rendered":"Leutkircher Radsportler starten bei der Baden-W\u00fcrttembergischen Meisterschaft"},"content":{"rendered":"<p>Die traditionell am ersten Maiwochenende ausgefahrenen Baden-W\u00fcrttembergischen Stra\u00dfenmeisterschaften fanden in diesem Jahr in Geislingen \/ Balingen auf einem selektiven 13-Kilometer-Rundkurs mit 200 H\u00f6henmetern pro Runde statt. Dabei zeigten die Radsportler sehr ansprechende Leistungen. Als erster Leutkircher Radsportler startete Neuzugang Petre Str\u00f6hle im Renner der Master 2. Dieser hatte 78 Kilometer zu bew\u00e4ltigen. Er zeigte ein sehr aktives Rennen, verlor leider Mitte des Rennens den Anschluss an die Spitzengruppe. Vergeblich versuchte er, mehrere Runden allein wieder den Anschluss zu finden. Am Ende belegte er aber einen starken Platz 11.<\/p>\n<p>Im n\u00e4chsten Rennen &#8211; mit einer Distanz von 65 Kilometern &#8211; startet der Master-4-Fahrer Walter Funk. Vom Start weg wurde ein hohes Tempo gefahren, sodass sich bereits am Ende des zweiten langen Berges eine siebenk\u00f6pfige Spitzengruppe bildete, die den Sieg unter sich ausmachen sollte. In dieser Gruppe behauptete sich auch Walter Funk. In der letzten Runde fiel er einer Tempoversch\u00e4rfung kurz vor Ende des letzten Bergs zum Opfer und war am Ende mit Platz sechs im ersten Saisonrennen sehr zufrieden.<\/p>\n<p>Im Rennen der Elite startete Adrian Schmidberger. In einem gro\u00dfen Starterfeld fuhr er sehr aktiv und fand sich in mehreren Fluchtgruppen wieder, die sich aber nie entscheidend absetzen konnten. Gegen Ende des Rennens verlie\u00dfen ihn etwas die Kr\u00e4fte, sodass er das Rennen in einer Folgegruppe beendete.<\/p>\n","protected":false},"excerpt":{"rendered":"<p>Die traditionell am ersten Maiwochenende ausgefahrenen Baden-W\u00fcrttembergischen Stra\u00dfenmeisterschaften fanden in diesem Jahr in Geislingen \/ Balingen auf einem selektiven 13-Kilometer-Rundkurs mit 200 H\u00f6henmetern pro Runde statt. Dabei zeigten die Radsportler sehr ansprechende Leistungen. Als erster Leutkircher Radsportler startete Neuzugang Petre Str\u00f6hle im Renner der Master 2. Dieser hatte 78 Kilometer zu bew\u00e4ltigen. Er zeigte ein [&hellip;]<\/p>\n","protected":false},"author":5,"featured_media":7101,"comment_status":"open","ping_status":"open","sticky":false,"template":"","format":"standard","meta":{"_acf_changed":false,"site-sidebar-layout":"default","site-content-layout":"default","ast-site-content-layout":"default","site-content-style":"default","site-sidebar-style":"default","ast-global-header-display":"","ast-banner-title-visibility":"","ast-main-header-display":"","ast-hfb-above-header-display":"","ast-hfb-below-header-display":"","ast-hfb-mobile-header-display":"","site-post-title":"","ast-breadcrumbs-content":"","ast-featured-img":"","footer-sml-layout":"","ast-disable-related-posts":"","theme-transparent-header-meta":"default","adv-header-id-meta":"","stick-header-meta":"default","header-above-stick-meta":"","header-main-stick-meta":"","header-below-stick-meta":"","astra-migrate-meta-layouts":"default","ast-page-background-enabled":"default","ast-page-background-meta":{"desktop":{"background-color":"","background-image":"","background-repeat":"repeat","background-position":"center center","background-size":"auto","background-attachment":"scroll","background-type":"","background-media":"","overlay-type":"","overlay-color":"","overlay-opacity":"","overlay-gradient":""},"tablet":{"background-color":"","background-image":"","background-repeat":"repeat","background-position":"center center","background-size":"auto","background-attachment":"scroll","background-type":"","background-media":"","overlay-type":"","overlay-color":"","overlay-opacity":"","overlay-gradient":""},"mobile":{"background-color":"","background-image":"","background-repeat":"repeat","background-position":"center center","background-size":"auto","background-attachment":"scroll","background-type":"","background-media":"","overlay-type":"","overlay-color":"","overlay-opacity":"","overlay-gradient":""}},"ast-content-background-meta":{"desktop":{"background-color":"var(--ast-global-color-5)","background-image":"","background-repeat":"repeat","background-position":"center center","background-size":"auto","background-attachment":"scroll","background-type":"","background-media":"","overlay-type":"","overlay-color":"","overlay-opacity":"","overlay-gradient":""},"tablet":{"background-color":"var(--ast-global-color-5)","background-image":"","background-repeat":"repeat","background-position":"center center","background-size":"auto","background-attachment":"scroll","background-type":"","background-media":"","overlay-type":"","overlay-color":"","overlay-opacity":"","overlay-gradient":""},"mobile":{"background-color":"var(--ast-global-color-5)","background-image":"","background-repeat":"repeat","background-position":"center center","background-size":"auto","background-attachment":"scroll","background-type":"","background-media":"","overlay-type":"","overlay-color":"","overlay-opacity":"","overlay-gradient":""}},"footnotes":""},"categories":[1],"tags":[],"class_list":["post-7100","post","type-post","status-publish","format-standard","has-post-thumbnail","hentry","category-allgemein"],"acf":[],"_links":{"self":[{"href":"https:\/\/www.tsg-leutkirch.de\/radsport\/wp-json\/wp\/v2\/posts\/7100","targetHints":{"allow":["GET"]}}],"collection":[{"href":"https:\/\/www.tsg-leutkirch.de\/radsport\/wp-json\/wp\/v2\/posts"}],"about":[{"href":"https:\/\/www.tsg-leutkirch.de\/radsport\/wp-json\/wp\/v2\/types\/post"}],"author":[{"embeddable":true,"href":"https:\/\/www.tsg-leutkirch.de\/radsport\/wp-json\/wp\/v2\/users\/5"}],"replies":[{"embeddable":true,"href":"https:\/\/www.tsg-leutkirch.de\/radsport\/wp-json\/wp\/v2\/comments?post=7100"}],"version-history":[{"count":1,"href":"https:\/\/www.tsg-leutkirch.de\/radsport\/wp-json\/wp\/v2\/posts\/7100\/revisions"}],"predecessor-version":[{"id":7102,"href":"https:\/\/www.tsg-leutkirch.de\/radsport\/wp-json\/wp\/v2\/posts\/7100\/revisions\/7102"}],"wp:featuredmedia":[{"embeddable":true,"href":"https:\/\/www.tsg-leutkirch.de\/radsport\/wp-json\/wp\/v2\/media\/7101"}],"wp:attachment":[{"href":"https:\/\/www.tsg-leutkirch.de\/radsport\/wp-json\/wp\/v2\/media?parent=7100"}],"wp:term":[{"taxonomy":"category","embeddable":true,"href":"https:\/\/www.tsg-leutkirch.de\/radsport\/wp-json\/wp\/v2\/categories?post=7100"},{"taxonomy":"post_tag","embeddable":true,"href":"https:\/\/www.tsg-leutkirch.de\/radsport\/wp-json\/wp\/v2\/tags?post=7100"}],"curies":[{"name":"wp","href":"https:\/\/api.w.org\/{rel}","templated":true}]}}