{"id":8899,"date":"2025-05-21T19:17:39","date_gmt":"2025-05-21T17:17:39","guid":{"rendered":"https:\/\/www.tsg-leutkirch.de\/radsport\/?p=8899"},"modified":"2025-05-25T14:27:17","modified_gmt":"2025-05-25T12:27:17","slug":"tsg-radrennsportler-in-hohenheim-und-tettnang-am-start","status":"publish","type":"post","link":"https:\/\/www.tsg-leutkirch.de\/radsport\/2025\/05\/21\/tsg-radrennsportler-in-hohenheim-und-tettnang-am-start\/","title":{"rendered":"TSG Radrennsportler in Hohenheim und Tettnang am Start!"},"content":{"rendered":"<p style=\"font-weight: 400\">Peter Str\u00f6hle war beim 27. Hohenheimer Schlossradrennen am Start. 20-mal mussten die Masters 2 bis 4, auf der 1,7 km langen Runde um das Schloss und den Weinberg von Hohenheim fahren. Das Tempo war von Anfang an hoch, Peter Str\u00f6hle fuhr an der Spitze mit wo fr\u00fch im Rennen die ersten Fahrer \u00fcberrundet wurden. In etwa bei Rennh\u00e4lfte attackierten Hannes Genze, der ehemalige MTB- Marathon Europameister und Marco Godinho und schafften es endg\u00fcltig sich vom rund 15 Fahrer gro\u00dfen Hauptfeld zu l\u00f6sen. Hannes Genze gewann schlussendlich vor Marco Godhino. Auf der rund 200 m langen Zielgeraden ging bei Peter Str\u00f6hle nichts mehr und erreichte mit \u201enur 34 Secunden R\u00fcckstand auf den Sieger Platz 9 bei den Masters 2.<\/p>\n<p style=\"font-weight: 400\">Beim Zeitfahrrennen in Tettnang war auch Joanna Walkiewicz von der TSG Leutkirch am Start.<\/p>\n<p style=\"font-weight: 400\">Joanna absolviert so ziemlich alle Wettbewerbe die mit dem Rad absolviert werden. Sie ist bei Rundstreckenrennen, Triathlons, Zeitfahrrennen oder Radmarathons am Start.<\/p>\n<p style=\"font-weight: 400\">In Tettnang beim Zeitfahrrennen fuhr sie bei gemischtem k\u00fchlem Wetter auf der 22 Kilometer langen Strecke auf den hervorragenden zweiten Platz in der weiblichen Klasse U50.<\/p>\n<p style=\"font-weight: 400\">\n","protected":false},"excerpt":{"rendered":"<p>Peter Str\u00f6hle war beim 27. Hohenheimer Schlossradrennen am Start. 20-mal mussten die Masters 2 bis 4, auf der 1,7 km langen Runde um das Schloss und den Weinberg von Hohenheim fahren. Das Tempo war von Anfang an hoch, Peter Str\u00f6hle fuhr an der Spitze mit wo fr\u00fch im Rennen die ersten Fahrer \u00fcberrundet wurden. In [&hellip;]<\/p>\n","protected":false},"author":5,"featured_media":8902,"comment_status":"open","ping_status":"open","sticky":false,"template":"","format":"standard","meta":{"_acf_changed":false,"site-sidebar-layout":"default","site-content-layout":"","ast-site-content-layout":"default","site-content-style":"default","site-sidebar-style":"default","ast-global-header-display":"","ast-banner-title-visibility":"","ast-main-header-display":"","ast-hfb-above-header-display":"","ast-hfb-below-header-display":"","ast-hfb-mobile-header-display":"","site-post-title":"","ast-breadcrumbs-content":"","ast-featured-img":"","footer-sml-layout":"","ast-disable-related-posts":"","theme-transparent-header-meta":"default","adv-header-id-meta":"","stick-header-meta":"default","header-above-stick-meta":"","header-main-stick-meta":"","header-below-stick-meta":"","astra-migrate-meta-layouts":"set","ast-page-background-enabled":"default","ast-page-background-meta":{"desktop":{"background-color":"","background-image":"","background-repeat":"repeat","background-position":"center center","background-size":"auto","background-attachment":"scroll","background-type":"","background-media":"","overlay-type":"","overlay-color":"","overlay-opacity":"","overlay-gradient":""},"tablet":{"background-color":"","background-image":"","background-repeat":"repeat","background-position":"center center","background-size":"auto","background-attachment":"scroll","background-type":"","background-media":"","overlay-type":"","overlay-color":"","overlay-opacity":"","overlay-gradient":""},"mobile":{"background-color":"","background-image":"","background-repeat":"repeat","background-position":"center center","background-size":"auto","background-attachment":"scroll","background-type":"","background-media":"","overlay-type":"","overlay-color":"","overlay-opacity":"","overlay-gradient":""}},"ast-content-background-meta":{"desktop":{"background-color":"var(--ast-global-color-5)","background-image":"","background-repeat":"repeat","background-position":"center center","background-size":"auto","background-attachment":"scroll","background-type":"","background-media":"","overlay-type":"","overlay-color":"","overlay-opacity":"","overlay-gradient":""},"tablet":{"background-color":"var(--ast-global-color-5)","background-image":"","background-repeat":"repeat","background-position":"center center","background-size":"auto","background-attachment":"scroll","background-type":"","background-media":"","overlay-type":"","overlay-color":"","overlay-opacity":"","overlay-gradient":""},"mobile":{"background-color":"var(--ast-global-color-5)","background-image":"","background-repeat":"repeat","background-position":"center center","background-size":"auto","background-attachment":"scroll","background-type":"","background-media":"","overlay-type":"","overlay-color":"","overlay-opacity":"","overlay-gradient":""}},"footnotes":""},"categories":[1],"tags":[],"class_list":["post-8899","post","type-post","status-publish","format-standard","has-post-thumbnail","hentry","category-allgemein"],"acf":[],"_links":{"self":[{"href":"https:\/\/www.tsg-leutkirch.de\/radsport\/wp-json\/wp\/v2\/posts\/8899","targetHints":{"allow":["GET"]}}],"collection":[{"href":"https:\/\/www.tsg-leutkirch.de\/radsport\/wp-json\/wp\/v2\/posts"}],"about":[{"href":"https:\/\/www.tsg-leutkirch.de\/radsport\/wp-json\/wp\/v2\/types\/post"}],"author":[{"embeddable":true,"href":"https:\/\/www.tsg-leutkirch.de\/radsport\/wp-json\/wp\/v2\/users\/5"}],"replies":[{"embeddable":true,"href":"https:\/\/www.tsg-leutkirch.de\/radsport\/wp-json\/wp\/v2\/comments?post=8899"}],"version-history":[{"count":1,"href":"https:\/\/www.tsg-leutkirch.de\/radsport\/wp-json\/wp\/v2\/posts\/8899\/revisions"}],"predecessor-version":[{"id":8901,"href":"https:\/\/www.tsg-leutkirch.de\/radsport\/wp-json\/wp\/v2\/posts\/8899\/revisions\/8901"}],"wp:featuredmedia":[{"embeddable":true,"href":"https:\/\/www.tsg-leutkirch.de\/radsport\/wp-json\/wp\/v2\/media\/8902"}],"wp:attachment":[{"href":"https:\/\/www.tsg-leutkirch.de\/radsport\/wp-json\/wp\/v2\/media?parent=8899"}],"wp:term":[{"taxonomy":"category","embeddable":true,"href":"https:\/\/www.tsg-leutkirch.de\/radsport\/wp-json\/wp\/v2\/categories?post=8899"},{"taxonomy":"post_tag","embeddable":true,"href":"https:\/\/www.tsg-leutkirch.de\/radsport\/wp-json\/wp\/v2\/tags?post=8899"}],"curies":[{"name":"wp","href":"https:\/\/api.w.org\/{rel}","templated":true}]}}