{"id":8912,"date":"2025-06-19T14:49:57","date_gmt":"2025-06-19T12:49:57","guid":{"rendered":"https:\/\/www.tsg-leutkirch.de\/radsport\/?p=8912"},"modified":"2025-06-19T14:49:57","modified_gmt":"2025-06-19T12:49:57","slug":"tsg-radrennfahrer-bei-radmarathons-und-tour-de-allgaeu","status":"publish","type":"post","link":"https:\/\/www.tsg-leutkirch.de\/radsport\/2025\/06\/19\/tsg-radrennfahrer-bei-radmarathons-und-tour-de-allgaeu\/","title":{"rendered":"TSG Radrennfahrer bei Radmarathons und Tour de Allg\u00e4u."},"content":{"rendered":"<p class=\"s6\"><span class=\"s7\" style=\"font-size: 16px\"><span class=\"bumpedFont15\">Das Rad Race 120 in Sonthofen z\u00e4hlt zu den gr\u00f6\u00dften Sportveranstaltungen im Allg\u00e4u.<\/span><\/span><span class=\"s7\" style=\"font-size: 16px\"><span class=\"bumpedFont15\"> \u00dcber das letzte Maiwochenende<\/span><\/span> <span class=\"s7\" style=\"font-size: 16px\"><span class=\"bumpedFont15\">kommen \u00fcber 3300 Rennradlerinnen und Rennradler ins<\/span><\/span> <a style=\"font-size: 16px\" href=\"https:\/\/www.allgaeuer-zeitung.de\/orte\/azv-oberallgaeu%20\/t%20_self\"><span class=\"s8\"><span class=\"bumpedFont15\">Oberallg\u00e4u<\/span><\/span><\/a><span class=\"s9\" style=\"font-size: 16px\"><span class=\"bumpedFont15\">.<\/span><\/span><\/p>\n<p class=\"s10\"><span class=\"s9\"><span class=\"bumpedFont15\">Die TSG <\/span><\/span><span class=\"s9\"><span class=\"bumpedFont15\">Leutkirch<\/span><\/span><span class=\"s9\"><span class=\"bumpedFont15\"> war mit einem Team bestehend aus Max Krohmer, Christian Speidel, Timo Funk und Walter Funk am Start. <\/span><\/span><a href=\"https:\/\/www.allgaeuer-zeitung.de\/allgaeu\/sport\/rad-race-120-streckenaenderung-bringt-spannendes-rennen-am-oberjochpass-109025181%20\/t%20_self\"><span class=\"s8\"><span class=\"bumpedFont15\">Der Prolog<\/span><\/span><span class=\"s8\"><span class=\"bumpedFont15\"> am Samstag<\/span><\/span><span class=\"s8\"><span class=\"bumpedFont15\"> ist ein<\/span><\/span><span class=\"s8\"><span class=\"bumpedFont15\"> Team-Bergzeitfahren<\/span><\/span><\/a> <span class=\"s9\"><span class=\"bumpedFont15\">und <\/span><\/span><span class=\"s9\"><span class=\"bumpedFont15\">f\u00fchrt erstmals \u00fcber 6,9 Kilometer und 340 H\u00f6henmeter vom Kurhaus in Bad Hindelang den Oberjochpass hinauf. <\/span><\/span><span class=\"s9\"><span class=\"bumpedFont15\">In dem gro\u00dfen Starterfeld erreichte das TSG Team hier Platz 99.<\/span><\/span><\/p>\n<p class=\"s10\"><span class=\"s7\"><span class=\"bumpedFont15\">Das Hauptrennen<\/span><\/span><span class=\"s7\"><span class=\"bumpedFont15\"> am Sontag<\/span><\/span><span class=\"s7\"><span class=\"bumpedFont15\"> startet<\/span><\/span><span class=\"s7\"><span class=\"bumpedFont15\">e<\/span><\/span><span class=\"s7\"><span class=\"bumpedFont15\"> in Sonthofen. Bis ins Ziel an der Talstation der <\/span><\/span><span class=\"s7\"><span class=\"bumpedFont15\">Horn Bahn<\/span><\/span><span class=\"s7\"><span class=\"bumpedFont15\"> in Bolsterlang sind 127 Kilometer sowie knackige 2300 H\u00f6henmeter zu absolvieren.<\/span><\/span><span class=\"s7\"><span class=\"bumpedFont15\">Die Strecke <\/span><\/span><span class=\"s9\"><span class=\"bumpedFont15\">f\u00fchrt \u00fcber <\/span><\/span><a href=\"https:\/\/allgaeuer-zeitung.de\/allgaeu\/immenstadt\/oberstaufen-lage-sehenswuerdigkeiten-schrothkur-wintersport-veranstaltungen-wandern-skigebiet_arid-409858%20\/t%20_self\"><span class=\"s8\"><span class=\"bumpedFont15\">Oberstaufen<\/span><\/span><\/a><span class=\"s9\"><span class=\"bumpedFont15\">, Hittisau, Rohrmoos, den Riedbergpass<\/span><\/span><span class=\"s9\"><span class=\"bumpedFont15\">, Balderschwang<\/span><\/span><span class=\"s9\"><span class=\"bumpedFont15\"> und erneut das Rohrmoos ins Ziel<\/span><\/span><span class=\"s9\"><span class=\"bumpedFont15\">.<\/span><\/span><span class=\"s9\"><span class=\"bumpedFont15\"> Hie kam das Leutkircher Team auf Platz 108.<\/span><\/span><\/p>\n<p class=\"s10\">\n<p class=\"s11\"><span class=\"s9\"><span class=\"bumpedFont15\">Die S\u00e4ntis Classic <\/span><\/span><span class=\"s7\"><span class=\"bumpedFont15\">ist eine <\/span><\/span><span class=\"s7\"><span class=\"bumpedFont15\">sportliche Volksradtour von Weinfelden ins Appenzellerl<\/span><\/span><span class=\"s7\"><span class=\"bumpedFont15\">and mit H\u00f6hepunkt Schw\u00e4galp <\/span><\/span><span class=\"s7\"><span class=\"bumpedFont15\">und <\/span><\/span><span class=\"s7\"><span class=\"bumpedFont15\">f\u00fchrt durch eine herrliche Landschaft.<\/span><\/span><span class=\"s7\"><span class=\"bumpedFont15\"> Die <\/span><\/span><span class=\"s7\"><span class=\"bumpedFont15\">Streckendistanz <\/span><\/span><span class=\"s7\"><span class=\"bumpedFont15\">umfasst <\/span><\/span><span class=\"s7\"><span class=\"bumpedFont15\">130 km mit 1<\/span><\/span><span class=\"s7\"><span class=\"bumpedFont15\">.<\/span><\/span><span class=\"s7\"><span class=\"bumpedFont15\">800 H\u00f6henmeter auf verkehrsruhigen, sicheren <\/span><\/span><span class=\"s7\"><span class=\"bumpedFont15\">Stra\u00dfen<\/span><\/span><span class=\"s7\"><span class=\"bumpedFont15\">.<\/span><\/span><span class=\"s7\"><span class=\"bumpedFont15\"> \u201e<\/span><\/span><span class=\"s7\"><span class=\"bumpedFont15\">Hierf\u00fcr wurden Fahrr\u00e4der gemacht: dieses Wetter, diese <\/span><\/span><span class=\"s7\"><span class=\"bumpedFont15\">Stra\u00dfen<\/span><\/span><span class=\"s7\"><span class=\"bumpedFont15\"> und diese Landschaften&#8220;. In anderen Worten, die Fahrr\u00e4der wurden f\u00fcr die S\u00e4ntis Classic gemacht<\/span><\/span><span class=\"s7\"><span class=\"bumpedFont15\">, so der Veranstalter.<\/span><\/span><\/p>\n<p class=\"s11\"><span class=\"s7\"><span class=\"bumpedFont15\">Aus der TSG Radtreffgruppe wagten sich zwei Damen, Joanna <\/span><\/span><span class=\"s7\"><span class=\"bumpedFont15\">Walkiewicz und Gabi Pippirs auf die Strecke. Pech hatte Joanna tags davor als sie mit dem Fahrrad die Startnummer holen wollte, st\u00fcrzte und im Krankenhaus behandelt werden musste. Dieses <\/span><\/span><span class=\"s7\"><span class=\"bumpedFont15\">Handicap<\/span><\/span><span class=\"s7\"><span class=\"bumpedFont15\"> konnte die gute Stimmung und Motivation f\u00fcr die Rundfahrt am n\u00e4chsten Tag nicht beeinflussen. Beide Damen bew\u00e4ltigten <\/span><\/span><span class=\"s7\"><span class=\"bumpedFont15\">souver\u00e4n<\/span><\/span><span class=\"s7\"><span class=\"bumpedFont15\"> die Herausforderung. Eine Zeitnahme und Platzierung <\/span><\/span><span class=\"s7\"><span class=\"bumpedFont15\">wurden<\/span><\/span><span class=\"s7\"><span class=\"bumpedFont15\"> nicht angeboten.<\/span><\/span><\/p>\n<p class=\"s11\">\n<p class=\"s11\"><span class=\"s7\"><span class=\"bumpedFont15\">Bereits Mitte Mai veranstaltete der RSV Sonthofen die Tour de Allg\u00e4u. Etappe 1<\/span><\/span><span class=\"s7\"><span class=\"bumpedFont15\"> am Freitag<\/span><\/span><span class=\"s7\"><span class=\"bumpedFont15\"> ist ein Bergsprint<\/span><\/span><span class=\"s7\"><span class=\"bumpedFont15\"> \u00fcber 2,2 KM und 185 HM mit 14% Steigung. Etappen 2 und 3 sind bergige Rundstreckenrennen<\/span><\/span><span class=\"s7\"><span class=\"bumpedFont15\"> \u00fcber 72<\/span><\/span> <span class=\"s7\"><span class=\"bumpedFont15\">KM und<\/span><\/span><span class=\"s7\"><span class=\"bumpedFont15\"> 54 KM.<\/span><\/span><\/p>\n<p class=\"s11\"><span class=\"s7\"><span class=\"bumpedFont15\">In der Klasse der Amateure war Peter Str\u00f6hle am Start. Beim Bergzeitfahren belegte er Platz 27, <\/span><\/span><span class=\"s7\"><span class=\"bumpedFont15\">beim zweiten Rennen musste er aussteigen und beim dritten Rennen <\/span><\/span><span class=\"s7\"><span class=\"bumpedFont15\">kam er auf Platz 23.<\/span><\/span><\/p>\n","protected":false},"excerpt":{"rendered":"<p>Das Rad Race 120 in Sonthofen z\u00e4hlt zu den gr\u00f6\u00dften Sportveranstaltungen im Allg\u00e4u. \u00dcber das letzte Maiwochenende kommen \u00fcber 3300 Rennradlerinnen und Rennradler ins Oberallg\u00e4u. Die TSG Leutkirch war mit einem Team bestehend aus Max Krohmer, Christian Speidel, Timo Funk und Walter Funk am Start. Der Prolog am Samstag ist ein Team-Bergzeitfahren und f\u00fchrt erstmals [&hellip;]<\/p>\n","protected":false},"author":5,"featured_media":8913,"comment_status":"open","ping_status":"open","sticky":false,"template":"","format":"standard","meta":{"_acf_changed":false,"site-sidebar-layout":"default","site-content-layout":"","ast-site-content-layout":"default","site-content-style":"default","site-sidebar-style":"default","ast-global-header-display":"","ast-banner-title-visibility":"","ast-main-header-display":"","ast-hfb-above-header-display":"","ast-hfb-below-header-display":"","ast-hfb-mobile-header-display":"","site-post-title":"","ast-breadcrumbs-content":"","ast-featured-img":"","footer-sml-layout":"","ast-disable-related-posts":"","theme-transparent-header-meta":"default","adv-header-id-meta":"","stick-header-meta":"default","header-above-stick-meta":"","header-main-stick-meta":"","header-below-stick-meta":"","astra-migrate-meta-layouts":"set","ast-page-background-enabled":"default","ast-page-background-meta":{"desktop":{"background-color":"","background-image":"","background-repeat":"repeat","background-position":"center center","background-size":"auto","background-attachment":"scroll","background-type":"","background-media":"","overlay-type":"","overlay-color":"","overlay-opacity":"","overlay-gradient":""},"tablet":{"background-color":"","background-image":"","background-repeat":"repeat","background-position":"center center","background-size":"auto","background-attachment":"scroll","background-type":"","background-media":"","overlay-type":"","overlay-color":"","overlay-opacity":"","overlay-gradient":""},"mobile":{"background-color":"","background-image":"","background-repeat":"repeat","background-position":"center center","background-size":"auto","background-attachment":"scroll","background-type":"","background-media":"","overlay-type":"","overlay-color":"","overlay-opacity":"","overlay-gradient":""}},"ast-content-background-meta":{"desktop":{"background-color":"var(--ast-global-color-5)","background-image":"","background-repeat":"repeat","background-position":"center center","background-size":"auto","background-attachment":"scroll","background-type":"","background-media":"","overlay-type":"","overlay-color":"","overlay-opacity":"","overlay-gradient":""},"tablet":{"background-color":"var(--ast-global-color-5)","background-image":"","background-repeat":"repeat","background-position":"center center","background-size":"auto","background-attachment":"scroll","background-type":"","background-media":"","overlay-type":"","overlay-color":"","overlay-opacity":"","overlay-gradient":""},"mobile":{"background-color":"var(--ast-global-color-5)","background-image":"","background-repeat":"repeat","background-position":"center center","background-size":"auto","background-attachment":"scroll","background-type":"","background-media":"","overlay-type":"","overlay-color":"","overlay-opacity":"","overlay-gradient":""}},"footnotes":""},"categories":[1],"tags":[],"class_list":["post-8912","post","type-post","status-publish","format-standard","has-post-thumbnail","hentry","category-allgemein"],"acf":[],"_links":{"self":[{"href":"https:\/\/www.tsg-leutkirch.de\/radsport\/wp-json\/wp\/v2\/posts\/8912","targetHints":{"allow":["GET"]}}],"collection":[{"href":"https:\/\/www.tsg-leutkirch.de\/radsport\/wp-json\/wp\/v2\/posts"}],"about":[{"href":"https:\/\/www.tsg-leutkirch.de\/radsport\/wp-json\/wp\/v2\/types\/post"}],"author":[{"embeddable":true,"href":"https:\/\/www.tsg-leutkirch.de\/radsport\/wp-json\/wp\/v2\/users\/5"}],"replies":[{"embeddable":true,"href":"https:\/\/www.tsg-leutkirch.de\/radsport\/wp-json\/wp\/v2\/comments?post=8912"}],"version-history":[{"count":1,"href":"https:\/\/www.tsg-leutkirch.de\/radsport\/wp-json\/wp\/v2\/posts\/8912\/revisions"}],"predecessor-version":[{"id":8914,"href":"https:\/\/www.tsg-leutkirch.de\/radsport\/wp-json\/wp\/v2\/posts\/8912\/revisions\/8914"}],"wp:featuredmedia":[{"embeddable":true,"href":"https:\/\/www.tsg-leutkirch.de\/radsport\/wp-json\/wp\/v2\/media\/8913"}],"wp:attachment":[{"href":"https:\/\/www.tsg-leutkirch.de\/radsport\/wp-json\/wp\/v2\/media?parent=8912"}],"wp:term":[{"taxonomy":"category","embeddable":true,"href":"https:\/\/www.tsg-leutkirch.de\/radsport\/wp-json\/wp\/v2\/categories?post=8912"},{"taxonomy":"post_tag","embeddable":true,"href":"https:\/\/www.tsg-leutkirch.de\/radsport\/wp-json\/wp\/v2\/tags?post=8912"}],"curies":[{"name":"wp","href":"https:\/\/api.w.org\/{rel}","templated":true}]}}