{"id":9080,"date":"2025-07-27T19:55:23","date_gmt":"2025-07-27T17:55:23","guid":{"rendered":"https:\/\/www.tsg-leutkirch.de\/radsport\/?p=9080"},"modified":"2025-07-27T19:55:23","modified_gmt":"2025-07-27T17:55:23","slug":"aqua-bike-und-mtb-marathon","status":"publish","type":"post","link":"https:\/\/www.tsg-leutkirch.de\/radsport\/2025\/07\/27\/aqua-bike-und-mtb-marathon\/","title":{"rendered":"Aqua Bike und MTB Marathon"},"content":{"rendered":"<p class=\"s6\"><span style=\"font-size: 16px\">TSG Radrennsportler vielseitig unterwegs!<\/span><\/p>\n<p class=\"s6\"><span class=\"s7\" style=\"font-size: 16px\"><span class=\"bumpedFont15\">Joanna W<\/span><\/span><span class=\"s7\" style=\"font-size: 16px\"><span class=\"bumpedFont15\">a<\/span><\/span><span class=\"s7\" style=\"font-size: 16px\"><span class=\"bumpedFont15\">lkie<\/span><\/span><span class=\"s7\" style=\"font-size: 16px\"><span class=\"bumpedFont15\">wicz, eine <\/span><\/span><span class=\"s7\" style=\"font-size: 16px\"><span class=\"bumpedFont15\">Allrounderin<\/span><\/span><span class=\"s7\" style=\"font-size: 16px\"><span class=\"bumpedFont15\"> ist i<\/span><\/span><span class=\"s7\" style=\"font-size: 16px\"><span class=\"bumpedFont15\">n M\u00fchlacker in der olympischen Distanz im <\/span><\/span><span class=\"s7\" style=\"font-size: 16px\"><span class=\"bumpedFont15\">Aqua Bike<\/span><\/span><span class=\"s7\" style=\"font-size: 16px\"><span class=\"bumpedFont15\"> gestartet. Der Wettbewerb besteht aus 1.500 m Schwimmen<\/span><\/span><span class=\"s7\" style=\"font-size: 16px\"><span class=\"bumpedFont15\"> in der Enz<\/span><\/span><span class=\"s7\" style=\"font-size: 16px\"><span class=\"bumpedFont15\"> und 40 KM<\/span><\/span> <span class=\"s7\" style=\"font-size: 16px\"><span class=\"bumpedFont15\">mit 600 Hm<\/span><\/span><span class=\"s7\" style=\"font-size: 16px\"><span class=\"bumpedFont15\"> radeln.<\/span><\/span><span class=\"s7\" style=\"font-size: 16px\"><span class=\"bumpedFont15\"> Nach 2<\/span><\/span><span class=\"s7\" style=\"font-size: 16px\"><span class=\"bumpedFont15\"> Runden je<\/span><\/span> <span class=\"s7\" style=\"font-size: 16px\"><span class=\"bumpedFont15\">750 m Schwimmen und<\/span><\/span><span class=\"s7\" style=\"font-size: 16px\"><span class=\"bumpedFont15\"> 4 Radrunden mit je 10 KM und 4 Berganstiege erreichte Joanna trotz einem Sturz in 02:42:39 Std. den 2. Platz in der Damenklasse.<\/span><\/span><\/p>\n<p class=\"s4\"><span class=\"s7\"><span class=\"bumpedFont15\">Peter Str\u00f6hle stieg <\/span><\/span><span class=\"s7\"><span class=\"bumpedFont15\">aufs MTB und ging beim 30. <\/span><\/span><span class=\"s7\"><span class=\"bumpedFont15\">Albstadt Bike Marathon a<\/span><\/span><span class=\"s7\"><span class=\"bumpedFont15\">n den<\/span><\/span><span class=\"s7\"><span class=\"bumpedFont15\"> Start<\/span><\/span><span class=\"s7\"><span class=\"bumpedFont15\">.<\/span><\/span><\/p>\n<p class=\"s4\"><span class=\"s7\"><span class=\"bumpedFont15\">Ca. 1.500 Teilnehmer und 15.000 Zuschauer<\/span><\/span><span class=\"s7\"><span class=\"bumpedFont15\"> rund um die Strecke<\/span><\/span><span class=\"s7\"><span class=\"bumpedFont15\"> bereichern das Event<\/span><\/span><span class=\"s7\"><span class=\"bumpedFont15\">. Der Rundkurs mit 82 KM und 2.000 HM f\u00fchrt rund um Albstadt und w<\/span><\/span><span class=\"s7\"><span class=\"bumpedFont15\">artet in der zweiten H\u00e4lfte mit l\u00e4ngeren Anstiegen auf die Fahrer. Nach 3:20 Std. erreichte Peter Str\u00f6hle<\/span><\/span><span class=\"s7\"><span class=\"bumpedFont15\"> den sehr guten<\/span><\/span><span class=\"s7\"><span class=\"bumpedFont15\"> Platz 42 im Gesamteinlauf und Platz 18 in der Lizen<\/span><\/span><span class=\"s7\"><span class=\"bumpedFont15\">zwertung.<\/span><\/span><\/p>\n","protected":false},"excerpt":{"rendered":"<p>TSG Radrennsportler vielseitig unterwegs! Joanna Walkiewicz, eine Allrounderin ist in M\u00fchlacker in der olympischen Distanz im Aqua Bike gestartet. Der Wettbewerb besteht aus 1.500 m Schwimmen in der Enz und 40 KM mit 600 Hm radeln. Nach 2 Runden je 750 m Schwimmen und 4 Radrunden mit je 10 KM und 4 Berganstiege erreichte Joanna [&hellip;]<\/p>\n","protected":false},"author":5,"featured_media":9081,"comment_status":"open","ping_status":"open","sticky":false,"template":"","format":"standard","meta":{"_acf_changed":false,"site-sidebar-layout":"default","site-content-layout":"","ast-site-content-layout":"default","site-content-style":"default","site-sidebar-style":"default","ast-global-header-display":"","ast-banner-title-visibility":"","ast-main-header-display":"","ast-hfb-above-header-display":"","ast-hfb-below-header-display":"","ast-hfb-mobile-header-display":"","site-post-title":"","ast-breadcrumbs-content":"","ast-featured-img":"","footer-sml-layout":"","ast-disable-related-posts":"","theme-transparent-header-meta":"default","adv-header-id-meta":"","stick-header-meta":"default","header-above-stick-meta":"","header-main-stick-meta":"","header-below-stick-meta":"","astra-migrate-meta-layouts":"set","ast-page-background-enabled":"default","ast-page-background-meta":{"desktop":{"background-color":"","background-image":"","background-repeat":"repeat","background-position":"center center","background-size":"auto","background-attachment":"scroll","background-type":"","background-media":"","overlay-type":"","overlay-color":"","overlay-opacity":"","overlay-gradient":""},"tablet":{"background-color":"","background-image":"","background-repeat":"repeat","background-position":"center center","background-size":"auto","background-attachment":"scroll","background-type":"","background-media":"","overlay-type":"","overlay-color":"","overlay-opacity":"","overlay-gradient":""},"mobile":{"background-color":"","background-image":"","background-repeat":"repeat","background-position":"center center","background-size":"auto","background-attachment":"scroll","background-type":"","background-media":"","overlay-type":"","overlay-color":"","overlay-opacity":"","overlay-gradient":""}},"ast-content-background-meta":{"desktop":{"background-color":"var(--ast-global-color-5)","background-image":"","background-repeat":"repeat","background-position":"center center","background-size":"auto","background-attachment":"scroll","background-type":"","background-media":"","overlay-type":"","overlay-color":"","overlay-opacity":"","overlay-gradient":""},"tablet":{"background-color":"var(--ast-global-color-5)","background-image":"","background-repeat":"repeat","background-position":"center center","background-size":"auto","background-attachment":"scroll","background-type":"","background-media":"","overlay-type":"","overlay-color":"","overlay-opacity":"","overlay-gradient":""},"mobile":{"background-color":"var(--ast-global-color-5)","background-image":"","background-repeat":"repeat","background-position":"center center","background-size":"auto","background-attachment":"scroll","background-type":"","background-media":"","overlay-type":"","overlay-color":"","overlay-opacity":"","overlay-gradient":""}},"footnotes":""},"categories":[1],"tags":[],"class_list":["post-9080","post","type-post","status-publish","format-standard","has-post-thumbnail","hentry","category-allgemein"],"acf":[],"_links":{"self":[{"href":"https:\/\/www.tsg-leutkirch.de\/radsport\/wp-json\/wp\/v2\/posts\/9080","targetHints":{"allow":["GET"]}}],"collection":[{"href":"https:\/\/www.tsg-leutkirch.de\/radsport\/wp-json\/wp\/v2\/posts"}],"about":[{"href":"https:\/\/www.tsg-leutkirch.de\/radsport\/wp-json\/wp\/v2\/types\/post"}],"author":[{"embeddable":true,"href":"https:\/\/www.tsg-leutkirch.de\/radsport\/wp-json\/wp\/v2\/users\/5"}],"replies":[{"embeddable":true,"href":"https:\/\/www.tsg-leutkirch.de\/radsport\/wp-json\/wp\/v2\/comments?post=9080"}],"version-history":[{"count":1,"href":"https:\/\/www.tsg-leutkirch.de\/radsport\/wp-json\/wp\/v2\/posts\/9080\/revisions"}],"predecessor-version":[{"id":9082,"href":"https:\/\/www.tsg-leutkirch.de\/radsport\/wp-json\/wp\/v2\/posts\/9080\/revisions\/9082"}],"wp:featuredmedia":[{"embeddable":true,"href":"https:\/\/www.tsg-leutkirch.de\/radsport\/wp-json\/wp\/v2\/media\/9081"}],"wp:attachment":[{"href":"https:\/\/www.tsg-leutkirch.de\/radsport\/wp-json\/wp\/v2\/media?parent=9080"}],"wp:term":[{"taxonomy":"category","embeddable":true,"href":"https:\/\/www.tsg-leutkirch.de\/radsport\/wp-json\/wp\/v2\/categories?post=9080"},{"taxonomy":"post_tag","embeddable":true,"href":"https:\/\/www.tsg-leutkirch.de\/radsport\/wp-json\/wp\/v2\/tags?post=9080"}],"curies":[{"name":"wp","href":"https:\/\/api.w.org\/{rel}","templated":true}]}}