{"id":9276,"date":"2025-08-28T17:16:19","date_gmt":"2025-08-28T15:16:19","guid":{"rendered":"https:\/\/www.tsg-leutkirch.de\/radsport\/?p=9276"},"modified":"2025-08-28T17:16:19","modified_gmt":"2025-08-28T15:16:19","slug":"radrennen-rund-um-die-bergschmiede-um-den-cup-der-vbao-valentin-kegreiss-gedaechtnisrennen","status":"publish","type":"post","link":"https:\/\/www.tsg-leutkirch.de\/radsport\/2025\/08\/28\/radrennen-rund-um-die-bergschmiede-um-den-cup-der-vbao-valentin-kegreiss-gedaechtnisrennen\/","title":{"rendered":"Radrennen \u201eRund um die Bergschmiede\u201c um den Cup der VBAO  Valentin-Kegrei\u00df-Ged\u00e4chtnisrennen"},"content":{"rendered":"<p><span style=\"font-weight: 400\">Am Samstag 13. September veranstaltet die Radsportabteilung der TSG Leutkirch auf der Rennstrecke \u201eRund um die Bergschmiede\u201c bei der Schule Wuchzenhofen die Radrennen um den Cup der Volksbank Allg\u00e4u-Oberschwaben eG. Die TSG widmet die Rennen dem t\u00f6dlich verungl\u00fcckten Elite Rennfahrer und Radfunktion\u00e4r Valentin Kegrei\u00df. Die bew\u00e4hrte Rennstrecke mit 3 KM Rundenl\u00e4nge einige scharfen Kurven und einen Anstieg \u00fcber 20 HM verspricht spannende Rennen. Los geht\u2019s um 8:30 Uhr mit dem Amateur- und Junioren U19 Rennen \u00fcber 20 Runden. Zwischen 3 und 10 Runden fahren anschlie\u00dfend die Sch\u00fcler- und Jugendklassen der U11 bis U17 in den Rennen die zum BaW\u00fc Sch\u00fcler Cup gewertet werden. Besonders einladen will der Veranstalter alle radbegeisterten Kinder f\u00fcr die Einsteigerrennen ohne Lizenz der Klassen U9 bis U15 ab 13:00 Uhr. Jeder Teilnehmer*in bekommt eine \u00dcberraschung. Die m\u00e4nnliche Jugend U17 starten kurz nach der Jedermann Klasse um 13:30 mit der Frauenklasse Elite FT und Elite Frauen. Um 15:00 ist das Hauptrennen der Elite- Rennfahrer um den Preis der \u201e<\/span><span style=\"font-weight: 400\">Volksbank Allg\u00e4u Oberschwaben eG\u201c \u00fcber 81 KM. Am Start Teams aus ganz Deutschland. Auch im Rennprogramm ist der Allg\u00e4uer Alpenwasser Cup. Er ist eine Nachwuchsrennserie<\/span><span style=\"font-weight: 400\"> und wird aus Rennen im Bezirk Schwaben und dem angrenzenden Baden-W\u00fcrttemberg ausgetragen<\/span><span style=\"font-weight: 400\">. <\/span><span style=\"font-weight: 400\">Die Radsportabteilung hofft auf gutes Wetter und spannende Rennen. Anmeldung unter <a href=\"http:\/\/www.rad-net.de\/\">www.rad-net.de<\/a><\/span><\/p>\n","protected":false},"excerpt":{"rendered":"<p>Am Samstag 13. September veranstaltet die Radsportabteilung der TSG Leutkirch auf der Rennstrecke \u201eRund um die Bergschmiede\u201c bei der Schule Wuchzenhofen die Radrennen um den Cup der Volksbank Allg\u00e4u-Oberschwaben eG. Die TSG widmet die Rennen dem t\u00f6dlich verungl\u00fcckten Elite Rennfahrer und Radfunktion\u00e4r Valentin Kegrei\u00df. Die bew\u00e4hrte Rennstrecke mit 3 KM Rundenl\u00e4nge einige scharfen Kurven und [&hellip;]<\/p>\n","protected":false},"author":5,"featured_media":8521,"comment_status":"open","ping_status":"open","sticky":false,"template":"","format":"standard","meta":{"_acf_changed":false,"site-sidebar-layout":"default","site-content-layout":"","ast-site-content-layout":"default","site-content-style":"default","site-sidebar-style":"default","ast-global-header-display":"","ast-banner-title-visibility":"","ast-main-header-display":"","ast-hfb-above-header-display":"","ast-hfb-below-header-display":"","ast-hfb-mobile-header-display":"","site-post-title":"","ast-breadcrumbs-content":"","ast-featured-img":"","footer-sml-layout":"","ast-disable-related-posts":"","theme-transparent-header-meta":"default","adv-header-id-meta":"","stick-header-meta":"default","header-above-stick-meta":"","header-main-stick-meta":"","header-below-stick-meta":"","astra-migrate-meta-layouts":"set","ast-page-background-enabled":"default","ast-page-background-meta":{"desktop":{"background-color":"","background-image":"","background-repeat":"repeat","background-position":"center center","background-size":"auto","background-attachment":"scroll","background-type":"","background-media":"","overlay-type":"","overlay-color":"","overlay-opacity":"","overlay-gradient":""},"tablet":{"background-color":"","background-image":"","background-repeat":"repeat","background-position":"center center","background-size":"auto","background-attachment":"scroll","background-type":"","background-media":"","overlay-type":"","overlay-color":"","overlay-opacity":"","overlay-gradient":""},"mobile":{"background-color":"","background-image":"","background-repeat":"repeat","background-position":"center center","background-size":"auto","background-attachment":"scroll","background-type":"","background-media":"","overlay-type":"","overlay-color":"","overlay-opacity":"","overlay-gradient":""}},"ast-content-background-meta":{"desktop":{"background-color":"var(--ast-global-color-5)","background-image":"","background-repeat":"repeat","background-position":"center center","background-size":"auto","background-attachment":"scroll","background-type":"","background-media":"","overlay-type":"","overlay-color":"","overlay-opacity":"","overlay-gradient":""},"tablet":{"background-color":"var(--ast-global-color-5)","background-image":"","background-repeat":"repeat","background-position":"center center","background-size":"auto","background-attachment":"scroll","background-type":"","background-media":"","overlay-type":"","overlay-color":"","overlay-opacity":"","overlay-gradient":""},"mobile":{"background-color":"var(--ast-global-color-5)","background-image":"","background-repeat":"repeat","background-position":"center center","background-size":"auto","background-attachment":"scroll","background-type":"","background-media":"","overlay-type":"","overlay-color":"","overlay-opacity":"","overlay-gradient":""}},"footnotes":""},"categories":[1],"tags":[],"class_list":["post-9276","post","type-post","status-publish","format-standard","has-post-thumbnail","hentry","category-allgemein"],"acf":[],"_links":{"self":[{"href":"https:\/\/www.tsg-leutkirch.de\/radsport\/wp-json\/wp\/v2\/posts\/9276","targetHints":{"allow":["GET"]}}],"collection":[{"href":"https:\/\/www.tsg-leutkirch.de\/radsport\/wp-json\/wp\/v2\/posts"}],"about":[{"href":"https:\/\/www.tsg-leutkirch.de\/radsport\/wp-json\/wp\/v2\/types\/post"}],"author":[{"embeddable":true,"href":"https:\/\/www.tsg-leutkirch.de\/radsport\/wp-json\/wp\/v2\/users\/5"}],"replies":[{"embeddable":true,"href":"https:\/\/www.tsg-leutkirch.de\/radsport\/wp-json\/wp\/v2\/comments?post=9276"}],"version-history":[{"count":1,"href":"https:\/\/www.tsg-leutkirch.de\/radsport\/wp-json\/wp\/v2\/posts\/9276\/revisions"}],"predecessor-version":[{"id":9277,"href":"https:\/\/www.tsg-leutkirch.de\/radsport\/wp-json\/wp\/v2\/posts\/9276\/revisions\/9277"}],"wp:featuredmedia":[{"embeddable":true,"href":"https:\/\/www.tsg-leutkirch.de\/radsport\/wp-json\/wp\/v2\/media\/8521"}],"wp:attachment":[{"href":"https:\/\/www.tsg-leutkirch.de\/radsport\/wp-json\/wp\/v2\/media?parent=9276"}],"wp:term":[{"taxonomy":"category","embeddable":true,"href":"https:\/\/www.tsg-leutkirch.de\/radsport\/wp-json\/wp\/v2\/categories?post=9276"},{"taxonomy":"post_tag","embeddable":true,"href":"https:\/\/www.tsg-leutkirch.de\/radsport\/wp-json\/wp\/v2\/tags?post=9276"}],"curies":[{"name":"wp","href":"https:\/\/api.w.org\/{rel}","templated":true}]}}