{"id":10460,"date":"2024-01-21T20:13:43","date_gmt":"2024-01-21T19:13:43","guid":{"rendered":"https:\/\/www.tsg-leutkirch.de\/skilaeuferzunft\/?p=10460"},"modified":"2025-01-07T16:35:34","modified_gmt":"2025-01-07T15:35:34","slug":"begeisterte-kinder-bei-der-vr-talentiade-im-skilanglauf","status":"publish","type":"post","link":"https:\/\/www.tsg-leutkirch.de\/skilaeuferzunft\/2024\/01\/21\/begeisterte-kinder-bei-der-vr-talentiade-im-skilanglauf\/","title":{"rendered":"Begeisterte Kinder bei der VR-Talentiade im Skilanglauf"},"content":{"rendered":"<p>Auf der von Erhard Pferd und Helfern des WSV Isny bestens vorbereiteten Loipe konnte die TSG-Skil\u00e4uferzunft bei herrlichem Wetter die VR-Talentiade in Isny durchf\u00fchren. Mit \u00fcber 90 Kindern fand dieses Nachwuchsrennen mit vielen Langlaufneulingen zur Freude von Organisatorin Annette Ammann und zahlreichen Helfern einen sehr gro\u00dfen Anklang. Zuerst bew\u00e4ltigten die Bambinis, oft von Eltern oder Geschwister begleitet, die mit einigen Technikstationen gespickte 600 Meter lange Strecke. Danach gingen die Kinder der Klassen U8 bis U12 auf die etwas anspruchsvollere 1000 Meter-Runde, die ein- oder zweimal zu laufen war. Alle Kinder bew\u00e4ltigten die Strecke, angefeuert durch zahlreiche Zuschauerinnen und Zuschauer hervorragend. Schon Sekunden nach dem Zieleinlauf konnte durch den Einsatz einer Transponder-Zeitmessung die Laufzeit und Platzierung abgerufen werden. F\u00fcr die TSG-SZ Leutkirch gab es durch Max Schmidt (U11) einen Klassensieg und durch Felix Schneider (2. U9), Fritz Schwarz (3. U10) und Jakob Schneider (2. U12) Podestpl\u00e4tze.<\/p>\n<p>H\u00f6hepunkt war nat\u00fcrlich wie immer die Siegerehrung, bei der Sieger und Platzierte die verdiente Urkunde aus der Hand von Berthold Natterer, dem Vertreter der Volksbank Allg\u00e4u-Oberschwaben mit einem Sachpreis \u00fcberreicht bekamen. Dann folgte die mit Spannung und Ungeduld erwartete gro\u00dfe Tombola, bei der sich einige den erhoffte Traumpreis ergattern konnten.<\/p>\n<p>Innerhalb dieses Rennens wurde auch der Leutkircher Sch\u00fclerskitag mit Sch\u00fclerstadtmeisterschaft in den Klassen U10 bis U15 gewertet. Bei den M\u00e4dchen wurde Luzie Link (U13) Stadtmeisterin vor Miranda Thierberger (U11) und Hilda Thierer (U10). Bei den Buben gewann Luis Mendler (U13) vor Jakob Schneider (U12) und Julian Schmidt (U13).<\/p>\n<p><a href=\"https:\/\/www.tsg-leutkirch.de\/skilaeuferzunft\/2024-01-20_bildergalerie\/\"><span style=\"color: #ff0000\"><strong>zur Bildergalerie &gt;&gt;&gt;<\/strong><\/span><\/a><\/p>\n<p><strong>Die Sch\u00fclerstadtmeister 2024: Luzie Link und Luis Mendler<\/strong><\/p>\n<p><img fetchpriority=\"high\" decoding=\"async\" class=\"alignnone size-large wp-image-10461\" src=\"https:\/\/www.tsg-leutkirch.de\/skilaeuferzunft\/wp-content\/uploads\/sites\/27\/2024\/01\/NO_R_2024-01-20_Schuelerstadtmeister_LucieLinkLuisMendler-1024x683.jpg\" alt=\"\" width=\"1024\" height=\"683\" srcset=\"https:\/\/www.tsg-leutkirch.de\/skilaeuferzunft\/wp-content\/uploads\/sites\/27\/2024\/01\/NO_R_2024-01-20_Schuelerstadtmeister_LucieLinkLuisMendler-1024x683.jpg 1024w, https:\/\/www.tsg-leutkirch.de\/skilaeuferzunft\/wp-content\/uploads\/sites\/27\/2024\/01\/NO_R_2024-01-20_Schuelerstadtmeister_LucieLinkLuisMendler-300x200.jpg 300w, https:\/\/www.tsg-leutkirch.de\/skilaeuferzunft\/wp-content\/uploads\/sites\/27\/2024\/01\/NO_R_2024-01-20_Schuelerstadtmeister_LucieLinkLuisMendler-768x512.jpg 768w, https:\/\/www.tsg-leutkirch.de\/skilaeuferzunft\/wp-content\/uploads\/sites\/27\/2024\/01\/NO_R_2024-01-20_Schuelerstadtmeister_LucieLinkLuisMendler-1536x1024.jpg 1536w, https:\/\/www.tsg-leutkirch.de\/skilaeuferzunft\/wp-content\/uploads\/sites\/27\/2024\/01\/NO_R_2024-01-20_Schuelerstadtmeister_LucieLinkLuisMendler-2048x1365.jpg 2048w\" sizes=\"(max-width: 1024px) 100vw, 1024px\" \/><\/p>\n<p>Foto: Gerd Heine<\/p>\n<p>&nbsp;<\/p>\n","protected":false},"excerpt":{"rendered":"<p>Auf der von Erhard Pferd und Helfern des WSV Isny bestens vorbereiteten Loipe konnte die TSG-Skil\u00e4uferzunft bei herrlichem Wetter die VR-Talentiade in Isny durchf\u00fchren. Mit \u00fcber 90 Kindern fand dieses Nachwuchsrennen mit vielen Langlaufneulingen zur Freude von Organisatorin Annette Ammann und zahlreichen Helfern einen sehr gro\u00dfen Anklang. Zuerst bew\u00e4ltigten die Bambinis, oft von Eltern oder [&hellip;]<\/p>\n","protected":false},"author":16,"featured_media":10462,"comment_status":"open","ping_status":"open","sticky":false,"template":"","format":"standard","meta":{"_acf_changed":false,"site-sidebar-layout":"default","site-content-layout":"","ast-site-content-layout":"default","site-content-style":"default","site-sidebar-style":"default","ast-global-header-display":"","ast-banner-title-visibility":"","ast-main-header-display":"","ast-hfb-above-header-display":"","ast-hfb-below-header-display":"","ast-hfb-mobile-header-display":"","site-post-title":"","ast-breadcrumbs-content":"","ast-featured-img":"","footer-sml-layout":"","ast-disable-related-posts":"","theme-transparent-header-meta":"default","adv-header-id-meta":"","stick-header-meta":"default","header-above-stick-meta":"","header-main-stick-meta":"","header-below-stick-meta":"","astra-migrate-meta-layouts":"set","ast-page-background-enabled":"default","ast-page-background-meta":{"desktop":{"background-color":"","background-image":"","background-repeat":"repeat","background-position":"center center","background-size":"auto","background-attachment":"scroll","background-type":"","background-media":"","overlay-type":"","overlay-color":"","overlay-opacity":"","overlay-gradient":""},"tablet":{"background-color":"","background-image":"","background-repeat":"repeat","background-position":"center center","background-size":"auto","background-attachment":"scroll","background-type":"","background-media":"","overlay-type":"","overlay-color":"","overlay-opacity":"","overlay-gradient":""},"mobile":{"background-color":"","background-image":"","background-repeat":"repeat","background-position":"center center","background-size":"auto","background-attachment":"scroll","background-type":"","background-media":"","overlay-type":"","overlay-color":"","overlay-opacity":"","overlay-gradient":""}},"ast-content-background-meta":{"desktop":{"background-color":"var(--ast-global-color-5)","background-image":"","background-repeat":"repeat","background-position":"center center","background-size":"auto","background-attachment":"scroll","background-type":"","background-media":"","overlay-type":"","overlay-color":"","overlay-opacity":"","overlay-gradient":""},"tablet":{"background-color":"var(--ast-global-color-5)","background-image":"","background-repeat":"repeat","background-position":"center center","background-size":"auto","background-attachment":"scroll","background-type":"","background-media":"","overlay-type":"","overlay-color":"","overlay-opacity":"","overlay-gradient":""},"mobile":{"background-color":"var(--ast-global-color-5)","background-image":"","background-repeat":"repeat","background-position":"center center","background-size":"auto","background-attachment":"scroll","background-type":"","background-media":"","overlay-type":"","overlay-color":"","overlay-opacity":"","overlay-gradient":""}},"footnotes":""},"categories":[5],"tags":[],"class_list":["post-10460","post","type-post","status-publish","format-standard","has-post-thumbnail","hentry","category-nordisch"],"acf":[],"_links":{"self":[{"href":"https:\/\/www.tsg-leutkirch.de\/skilaeuferzunft\/wp-json\/wp\/v2\/posts\/10460","targetHints":{"allow":["GET"]}}],"collection":[{"href":"https:\/\/www.tsg-leutkirch.de\/skilaeuferzunft\/wp-json\/wp\/v2\/posts"}],"about":[{"href":"https:\/\/www.tsg-leutkirch.de\/skilaeuferzunft\/wp-json\/wp\/v2\/types\/post"}],"author":[{"embeddable":true,"href":"https:\/\/www.tsg-leutkirch.de\/skilaeuferzunft\/wp-json\/wp\/v2\/users\/16"}],"replies":[{"embeddable":true,"href":"https:\/\/www.tsg-leutkirch.de\/skilaeuferzunft\/wp-json\/wp\/v2\/comments?post=10460"}],"version-history":[{"count":3,"href":"https:\/\/www.tsg-leutkirch.de\/skilaeuferzunft\/wp-json\/wp\/v2\/posts\/10460\/revisions"}],"predecessor-version":[{"id":10576,"href":"https:\/\/www.tsg-leutkirch.de\/skilaeuferzunft\/wp-json\/wp\/v2\/posts\/10460\/revisions\/10576"}],"wp:featuredmedia":[{"embeddable":true,"href":"https:\/\/www.tsg-leutkirch.de\/skilaeuferzunft\/wp-json\/wp\/v2\/media\/10462"}],"wp:attachment":[{"href":"https:\/\/www.tsg-leutkirch.de\/skilaeuferzunft\/wp-json\/wp\/v2\/media?parent=10460"}],"wp:term":[{"taxonomy":"category","embeddable":true,"href":"https:\/\/www.tsg-leutkirch.de\/skilaeuferzunft\/wp-json\/wp\/v2\/categories?post=10460"},{"taxonomy":"post_tag","embeddable":true,"href":"https:\/\/www.tsg-leutkirch.de\/skilaeuferzunft\/wp-json\/wp\/v2\/tags?post=10460"}],"curies":[{"name":"wp","href":"https:\/\/api.w.org\/{rel}","templated":true}]}}