{"id":232,"date":"2020-03-19T15:51:42","date_gmt":"2020-03-19T14:51:42","guid":{"rendered":"http:\/\/multitsg.iamhosting.de\/skilaeuferzunft\/?p=232"},"modified":"2020-04-17T15:59:34","modified_gmt":"2020-04-17T13:59:34","slug":"langlauf-tsg-skilaeuferzunft-leutkirch-silber-im-single-mixed-sprint","status":"publish","type":"post","link":"https:\/\/www.tsg-leutkirch.de\/skilaeuferzunft\/2020\/03\/19\/langlauf-tsg-skilaeuferzunft-leutkirch-silber-im-single-mixed-sprint\/","title":{"rendered":"Langlauf TSG-Skil\u00e4uferzunft Leutkirch &#8211; Silber im &#8222;Single-Mixed-Sprint\u201c"},"content":{"rendered":"\t\t<div data-elementor-type=\"wp-post\" data-elementor-id=\"232\" class=\"elementor elementor-232\" data-elementor-post-type=\"post\">\n\t\t\t\t\t\t<section class=\"elementor-section elementor-top-section elementor-element elementor-element-56732ca elementor-section-boxed elementor-section-height-default elementor-section-height-default\" data-id=\"56732ca\" data-element_type=\"section\" data-e-type=\"section\" data-settings=\"{&quot;jet_parallax_layout_list&quot;:[]}\">\n\t\t\t\t\t\t<div class=\"elementor-container elementor-column-gap-default\">\n\t\t\t\t\t<div class=\"elementor-column elementor-col-100 elementor-top-column elementor-element elementor-element-df56f26\" data-id=\"df56f26\" data-element_type=\"column\" data-e-type=\"column\">\n\t\t\t<div class=\"elementor-widget-wrap elementor-element-populated\">\n\t\t\t\t\t\t<div class=\"elementor-element elementor-element-a486a85 elementor-widget elementor-widget-text-editor\" data-id=\"a486a85\" data-element_type=\"widget\" data-e-type=\"widget\" data-widget_type=\"text-editor.default\">\n\t\t\t\t<div class=\"elementor-widget-container\">\n\t\t\t\t\t\t\t\t\t<p>In\u00a0 Kniebis richtete der SC Seebach am 11.03.2020\u00a0 das baden-w\u00fcrttembergische Finale der VR-Talentiade mit rund 100 Kindern im Alter von sieben bis 12 Jahren aus. Dabei gab es mit dem ersten Talentiade-Single-Mixed-Sprint\u00a0 eine spannende Premiere.<\/p><p><span style=\"font-size: 16px\">Dieses Finale war f\u00fcr den Nordschwarzwald nach einer so gut wie schneelosen Wintersportsaison eine Ausnahme.<\/span><\/p><p><span style=\"font-size: 16px\">Umso mehr freute man sich \u00fcber die guten Verh\u00e4ltnisse bei strahlendem Sonnenschein auf dem Kniebis bei Freudenstadt, wo f\u00fcr die verschiedenen Altersklassen Strecken \u00fcber 0,5 Kilometer-\u00a0 3,2 Kilometer ausgesteckt waren. Am Start waren junge L\u00e4ufer aus 27 baden-w\u00fcrttembergischen Vereinen vom Allg\u00e4u, Alb und Schwarzwald. Die TSG-Skil\u00e4uferzunft Leutkirch nahm mit insgesamt 4 Langl\u00e4ufern teil. Julian G\u00fcnthner erreichte auf der Strecke von 3.2 km in der U12 den 4. Platz, dicht gefolgt von Jonas Reich auf Platz 5 und Michl Mendler auf dem 7. Platz. Bei den gleichaltrigen M\u00e4dchen erreichte Rosa-Lina Schneider \u00fcber ebenfalls 3,2 km den 6. Platz.\u00a0\u00a0<\/span><\/p><p><span style=\"font-size: 16px\">Viel Spa\u00df gab es beim ersten Single-Mixed-Sprint. Die Vereine stellten f\u00fcr Zweiermannschaften je ein M\u00e4dchen und einen Jungen, die sich auf einer kurzen Langlaufstrecke mit einem Hindernisparcours hei\u00dfe Wettk\u00e4mpfe lieferten. F\u00fcr die Leutkircher war es spannend bis zum letzten Atemzug. Insgesamt mussten die Jungen abwechselnd mit dem einzigen Leutkircher M\u00e4dchen Rosa-Lina Schneider den Parcours meistern. Nach dem Prolog mit Tagesbestzeit dann noch das Achtel- und Viertelfinale bis zum Finale. Hier\u00a0 ging es dann mehr als ganz knapp zu. Am Ende hie\u00df es Silber f\u00fcr die Leutkircher Sportler.\u00a0\u00a0<\/span><\/p>\t\t\t\t\t\t\t\t<\/div>\n\t\t\t\t<\/div>\n\t\t\t\t\t<\/div>\n\t\t<\/div>\n\t\t\t\t\t<\/div>\n\t\t<\/section>\n\t\t\t\t<\/div>\n\t\t","protected":false},"excerpt":{"rendered":"<p>In\u00a0 Kniebis richtete der SC Seebach am 11.03.2020\u00a0 das baden-w\u00fcrttembergische Finale der VR-Talentiade mit rund 100 Kindern im Alter von sieben bis 12 Jahren aus. Dabei gab es mit dem ersten Talentiade-Single-Mixed-Sprint\u00a0 eine spannende Premiere. Dieses Finale war f\u00fcr den Nordschwarzwald nach einer so gut wie schneelosen Wintersportsaison eine Ausnahme. Umso mehr freute man sich [&hellip;]<\/p>\n","protected":false},"author":2,"featured_media":237,"comment_status":"open","ping_status":"open","sticky":false,"template":"","format":"standard","meta":{"_acf_changed":false,"site-sidebar-layout":"default","site-content-layout":"default","ast-site-content-layout":"default","site-content-style":"default","site-sidebar-style":"default","ast-global-header-display":"","ast-banner-title-visibility":"","ast-main-header-display":"","ast-hfb-above-header-display":"","ast-hfb-below-header-display":"","ast-hfb-mobile-header-display":"","site-post-title":"","ast-breadcrumbs-content":"","ast-featured-img":"","footer-sml-layout":"","ast-disable-related-posts":"","theme-transparent-header-meta":"default","adv-header-id-meta":"","stick-header-meta":"default","header-above-stick-meta":"","header-main-stick-meta":"","header-below-stick-meta":"","astra-migrate-meta-layouts":"default","ast-page-background-enabled":"default","ast-page-background-meta":{"desktop":{"background-color":"","background-image":"","background-repeat":"repeat","background-position":"center center","background-size":"auto","background-attachment":"scroll","background-type":"","background-media":"","overlay-type":"","overlay-color":"","overlay-opacity":"","overlay-gradient":""},"tablet":{"background-color":"","background-image":"","background-repeat":"repeat","background-position":"center center","background-size":"auto","background-attachment":"scroll","background-type":"","background-media":"","overlay-type":"","overlay-color":"","overlay-opacity":"","overlay-gradient":""},"mobile":{"background-color":"","background-image":"","background-repeat":"repeat","background-position":"center center","background-size":"auto","background-attachment":"scroll","background-type":"","background-media":"","overlay-type":"","overlay-color":"","overlay-opacity":"","overlay-gradient":""}},"ast-content-background-meta":{"desktop":{"background-color":"var(--ast-global-color-5)","background-image":"","background-repeat":"repeat","background-position":"center center","background-size":"auto","background-attachment":"scroll","background-type":"","background-media":"","overlay-type":"","overlay-color":"","overlay-opacity":"","overlay-gradient":""},"tablet":{"background-color":"var(--ast-global-color-5)","background-image":"","background-repeat":"repeat","background-position":"center center","background-size":"auto","background-attachment":"scroll","background-type":"","background-media":"","overlay-type":"","overlay-color":"","overlay-opacity":"","overlay-gradient":""},"mobile":{"background-color":"var(--ast-global-color-5)","background-image":"","background-repeat":"repeat","background-position":"center center","background-size":"auto","background-attachment":"scroll","background-type":"","background-media":"","overlay-type":"","overlay-color":"","overlay-opacity":"","overlay-gradient":""}},"footnotes":""},"categories":[1,5],"tags":[],"class_list":["post-232","post","type-post","status-publish","format-standard","has-post-thumbnail","hentry","category-allgemein","category-nordisch"],"acf":[],"_links":{"self":[{"href":"https:\/\/www.tsg-leutkirch.de\/skilaeuferzunft\/wp-json\/wp\/v2\/posts\/232","targetHints":{"allow":["GET"]}}],"collection":[{"href":"https:\/\/www.tsg-leutkirch.de\/skilaeuferzunft\/wp-json\/wp\/v2\/posts"}],"about":[{"href":"https:\/\/www.tsg-leutkirch.de\/skilaeuferzunft\/wp-json\/wp\/v2\/types\/post"}],"author":[{"embeddable":true,"href":"https:\/\/www.tsg-leutkirch.de\/skilaeuferzunft\/wp-json\/wp\/v2\/users\/2"}],"replies":[{"embeddable":true,"href":"https:\/\/www.tsg-leutkirch.de\/skilaeuferzunft\/wp-json\/wp\/v2\/comments?post=232"}],"version-history":[{"count":4,"href":"https:\/\/www.tsg-leutkirch.de\/skilaeuferzunft\/wp-json\/wp\/v2\/posts\/232\/revisions"}],"predecessor-version":[{"id":238,"href":"https:\/\/www.tsg-leutkirch.de\/skilaeuferzunft\/wp-json\/wp\/v2\/posts\/232\/revisions\/238"}],"wp:featuredmedia":[{"embeddable":true,"href":"https:\/\/www.tsg-leutkirch.de\/skilaeuferzunft\/wp-json\/wp\/v2\/media\/237"}],"wp:attachment":[{"href":"https:\/\/www.tsg-leutkirch.de\/skilaeuferzunft\/wp-json\/wp\/v2\/media?parent=232"}],"wp:term":[{"taxonomy":"category","embeddable":true,"href":"https:\/\/www.tsg-leutkirch.de\/skilaeuferzunft\/wp-json\/wp\/v2\/categories?post=232"},{"taxonomy":"post_tag","embeddable":true,"href":"https:\/\/www.tsg-leutkirch.de\/skilaeuferzunft\/wp-json\/wp\/v2\/tags?post=232"}],"curies":[{"name":"wp","href":"https:\/\/api.w.org\/{rel}","templated":true}]}}