{"id":7899,"date":"2023-01-31T18:42:32","date_gmt":"2023-01-31T17:42:32","guid":{"rendered":"https:\/\/www.tsg-leutkirch.de\/skilaeuferzunft\/?p=7899"},"modified":"2025-01-07T16:38:01","modified_gmt":"2025-01-07T15:38:01","slug":"rosa-lina-schneider-laeuft-bei-bawue-aufs-podest","status":"publish","type":"post","link":"https:\/\/www.tsg-leutkirch.de\/skilaeuferzunft\/2023\/01\/31\/rosa-lina-schneider-laeuft-bei-bawue-aufs-podest\/","title":{"rendered":"Rosa\u2013Lina Schneider l\u00e4uft bei BaW\u00fc aufs Podest"},"content":{"rendered":"\t\t<div data-elementor-type=\"wp-post\" data-elementor-id=\"7899\" class=\"elementor elementor-7899\" data-elementor-post-type=\"post\">\n\t\t\t\t\t\t<section class=\"elementor-section elementor-top-section elementor-element elementor-element-653a78d0 elementor-section-boxed elementor-section-height-default elementor-section-height-default\" data-id=\"653a78d0\" data-element_type=\"section\" data-e-type=\"section\" data-settings=\"{&quot;jet_parallax_layout_list&quot;:[]}\">\n\t\t\t\t\t\t<div class=\"elementor-container elementor-column-gap-default\">\n\t\t\t\t\t<div class=\"elementor-column elementor-col-100 elementor-top-column elementor-element elementor-element-1edeb4a9\" data-id=\"1edeb4a9\" data-element_type=\"column\" data-e-type=\"column\">\n\t\t\t<div class=\"elementor-widget-wrap elementor-element-populated\">\n\t\t\t\t\t\t<div class=\"elementor-element elementor-element-722a6d65 elementor-widget elementor-widget-text-editor\" data-id=\"722a6d65\" data-element_type=\"widget\" data-e-type=\"widget\" data-widget_type=\"text-editor.default\">\n\t\t\t\t<div class=\"elementor-widget-container\">\n\t\t\t\t\t\t\t\t\t<p>Den gr\u00f6\u00dften Erfolg ihrer noch jungen Langlaufkarriere konnte die Leutkircherin Rosa \u2013 Lina Schneider am Wochenende bei den Baden W\u00fcrttembergischen Meisterschaften, die vom WSV Mehrstetten in Isny ausgetragen wurden, feiern. In der Meisterklasse der Sch\u00fclerinnen S14\/15 wurde sie sowohl im Sprint als auch im Distanzrennen sehr gute Dritte. Ihre Trainerin Annette Ammann komplettierte das gute Abschneiden der L\u00e4ufer der TSG Skil\u00e4uferzunft Leutkirch mit dem Vizemeistertitel in der Meisterklasse der Damenkonkurrenz. Schon im Prolog der Sprintrennen deutete sich die gute Form der Leutkircher Langl\u00e4ufer an. In der Sch\u00fclerklasse 11\/12\/13 belegte Johannes Gozebina einen grandiosen vierten Platz. Im Finale landete er schlussendlich auf Platz 6. Jakob Schneider best\u00e4tigte seinen achtzehnten Platz vom Prolog im Finale. Luzie Link schrammte mit dem tollen siebten Platz im Prolog ganz knapp an den Finall\u00e4ufen vorbei und blieb am Ende in der Gesamtwertung auf diesem Platz. Bei den Sch\u00fclern 14\/15 konnte Jonas Reich leider verletzungsbedingt nicht mitlaufen, Julian G\u00fcntner schonte sich nach langer krankheitsbedingter Trainingspause f\u00fcr das Distanzrennen. Michl Mendler belegte Platz 7. Auch die Platzierungen in den Distanzrennen vom Sonntag brachten mit folgenden Platzierungen wieder gute Ergebnisse f\u00fcr die Sportler der TSG Skil\u00e4uferzunft Leutkirch. U11, 2km, Jakob Schneider Platz 5\/ U12, 2km, Julian Schmidt Platz 8\/ U12, 2km, Luzie Link, Platz 5 \/ U13, 2km, Johannes Gozebina, Platz 4 \/ U15, 4km, Michl Mendler, Platz 4\/ Julian G\u00fcntner Platz 5 \/ U15, 4km Rosa \u2013 Lina Schneider, Platz 3 \/ U18, 10km, Oliver Heinz, Platz 10 \/ Damen 51, 6km, Annette Amman, Platz 1. Hoch motiviert freut sich Rosa \u2013 Lina Schneider auf die Rennen zum Deutschland Sch\u00fclercup am kommenden Wochenende. Ebenso werden am kommenden Wochenende die Meistertitel im Schw\u00e4bischen Skiverband vergeben. Gespannt darf man auf die Rennen im Teamsprint und die Distanzrennen sein. Julian G\u00fcntner mit ansteigender Form nach langer kranheitsbedingter Tariningspause, Michl Mendler und Jonas Reich bei den Jungen, sind ebenso Kandidaten auf die vorderen Pl\u00e4tze wie Luzie Link und Annette Amman bei den Frauen.<\/p><p><strong>Bericht von Almut Moosmayer<\/strong><\/p>\t\t\t\t\t\t\t\t<\/div>\n\t\t\t\t<\/div>\n\t\t\t\t\t<\/div>\n\t\t<\/div>\n\t\t\t\t\t<\/div>\n\t\t<\/section>\n\t\t\t\t<section class=\"elementor-section elementor-top-section elementor-element elementor-element-5627631 elementor-section-boxed elementor-section-height-default elementor-section-height-default\" data-id=\"5627631\" data-element_type=\"section\" data-e-type=\"section\" data-settings=\"{&quot;jet_parallax_layout_list&quot;:[]}\">\n\t\t\t\t\t\t<div class=\"elementor-container elementor-column-gap-default\">\n\t\t\t\t\t<div class=\"elementor-column elementor-col-100 elementor-top-column elementor-element elementor-element-6b95d05\" data-id=\"6b95d05\" data-element_type=\"column\" data-e-type=\"column\">\n\t\t\t<div class=\"elementor-widget-wrap elementor-element-populated\">\n\t\t\t\t\t\t<div class=\"elementor-element elementor-element-3032dc7 elementor-align-center elementor-widget elementor-widget-button\" data-id=\"3032dc7\" data-element_type=\"widget\" data-e-type=\"widget\" data-widget_type=\"button.default\">\n\t\t\t\t<div class=\"elementor-widget-container\">\n\t\t\t\t\t\t\t\t\t<div class=\"elementor-button-wrapper\">\n\t\t\t\t\t<a class=\"elementor-button elementor-button-link elementor-size-sm\" href=\"https:\/\/www.tsg-leutkirch.de\/skilaeuferzunft\/bildergalerie\/bilder-2023\/2829-01-2023-bawu2023\/\">\n\t\t\t\t\t\t<span class=\"elementor-button-content-wrapper\">\n\t\t\t\t\t\t<span class=\"elementor-button-icon\">\n\t\t\t\t<i aria-hidden=\"true\" class=\"far fa-arrow-alt-circle-right\"><\/i>\t\t\t<\/span>\n\t\t\t\t\t\t\t\t\t<span class=\"elementor-button-text\">Bildergalerie<\/span>\n\t\t\t\t\t<\/span>\n\t\t\t\t\t<\/a>\n\t\t\t\t<\/div>\n\t\t\t\t\t\t\t\t<\/div>\n\t\t\t\t<\/div>\n\t\t\t\t\t<\/div>\n\t\t<\/div>\n\t\t\t\t\t<\/div>\n\t\t<\/section>\n\t\t\t\t<\/div>\n\t\t","protected":false},"excerpt":{"rendered":"<p>Den gr\u00f6\u00dften Erfolg ihrer noch jungen Langlaufkarriere konnte die Leutkircherin Rosa \u2013 Lina Schneider am Wochenende bei den Baden W\u00fcrttembergischen Meisterschaften, die vom WSV Mehrstetten in Isny ausgetragen wurden, feiern. In der Meisterklasse der Sch\u00fclerinnen S14\/15 wurde sie sowohl im Sprint als auch im Distanzrennen sehr gute Dritte. Ihre Trainerin Annette Ammann komplettierte das gute [&hellip;]<\/p>\n","protected":false},"author":16,"featured_media":7968,"comment_status":"open","ping_status":"open","sticky":false,"template":"","format":"standard","meta":{"_acf_changed":false,"site-sidebar-layout":"default","site-content-layout":"default","ast-site-content-layout":"default","site-content-style":"default","site-sidebar-style":"default","ast-global-header-display":"","ast-banner-title-visibility":"","ast-main-header-display":"","ast-hfb-above-header-display":"","ast-hfb-below-header-display":"","ast-hfb-mobile-header-display":"","site-post-title":"","ast-breadcrumbs-content":"","ast-featured-img":"","footer-sml-layout":"","ast-disable-related-posts":"","theme-transparent-header-meta":"default","adv-header-id-meta":"","stick-header-meta":"default","header-above-stick-meta":"","header-main-stick-meta":"","header-below-stick-meta":"","astra-migrate-meta-layouts":"default","ast-page-background-enabled":"default","ast-page-background-meta":{"desktop":{"background-color":"","background-image":"","background-repeat":"repeat","background-position":"center center","background-size":"auto","background-attachment":"scroll","background-type":"","background-media":"","overlay-type":"","overlay-color":"","overlay-opacity":"","overlay-gradient":""},"tablet":{"background-color":"","background-image":"","background-repeat":"repeat","background-position":"center center","background-size":"auto","background-attachment":"scroll","background-type":"","background-media":"","overlay-type":"","overlay-color":"","overlay-opacity":"","overlay-gradient":""},"mobile":{"background-color":"","background-image":"","background-repeat":"repeat","background-position":"center center","background-size":"auto","background-attachment":"scroll","background-type":"","background-media":"","overlay-type":"","overlay-color":"","overlay-opacity":"","overlay-gradient":""}},"ast-content-background-meta":{"desktop":{"background-color":"var(--ast-global-color-5)","background-image":"","background-repeat":"repeat","background-position":"center center","background-size":"auto","background-attachment":"scroll","background-type":"","background-media":"","overlay-type":"","overlay-color":"","overlay-opacity":"","overlay-gradient":""},"tablet":{"background-color":"var(--ast-global-color-5)","background-image":"","background-repeat":"repeat","background-position":"center center","background-size":"auto","background-attachment":"scroll","background-type":"","background-media":"","overlay-type":"","overlay-color":"","overlay-opacity":"","overlay-gradient":""},"mobile":{"background-color":"var(--ast-global-color-5)","background-image":"","background-repeat":"repeat","background-position":"center center","background-size":"auto","background-attachment":"scroll","background-type":"","background-media":"","overlay-type":"","overlay-color":"","overlay-opacity":"","overlay-gradient":""}},"footnotes":""},"categories":[5],"tags":[],"class_list":["post-7899","post","type-post","status-publish","format-standard","has-post-thumbnail","hentry","category-nordisch"],"acf":[],"_links":{"self":[{"href":"https:\/\/www.tsg-leutkirch.de\/skilaeuferzunft\/wp-json\/wp\/v2\/posts\/7899","targetHints":{"allow":["GET"]}}],"collection":[{"href":"https:\/\/www.tsg-leutkirch.de\/skilaeuferzunft\/wp-json\/wp\/v2\/posts"}],"about":[{"href":"https:\/\/www.tsg-leutkirch.de\/skilaeuferzunft\/wp-json\/wp\/v2\/types\/post"}],"author":[{"embeddable":true,"href":"https:\/\/www.tsg-leutkirch.de\/skilaeuferzunft\/wp-json\/wp\/v2\/users\/16"}],"replies":[{"embeddable":true,"href":"https:\/\/www.tsg-leutkirch.de\/skilaeuferzunft\/wp-json\/wp\/v2\/comments?post=7899"}],"version-history":[{"count":10,"href":"https:\/\/www.tsg-leutkirch.de\/skilaeuferzunft\/wp-json\/wp\/v2\/posts\/7899\/revisions"}],"predecessor-version":[{"id":8121,"href":"https:\/\/www.tsg-leutkirch.de\/skilaeuferzunft\/wp-json\/wp\/v2\/posts\/7899\/revisions\/8121"}],"wp:featuredmedia":[{"embeddable":true,"href":"https:\/\/www.tsg-leutkirch.de\/skilaeuferzunft\/wp-json\/wp\/v2\/media\/7968"}],"wp:attachment":[{"href":"https:\/\/www.tsg-leutkirch.de\/skilaeuferzunft\/wp-json\/wp\/v2\/media?parent=7899"}],"wp:term":[{"taxonomy":"category","embeddable":true,"href":"https:\/\/www.tsg-leutkirch.de\/skilaeuferzunft\/wp-json\/wp\/v2\/categories?post=7899"},{"taxonomy":"post_tag","embeddable":true,"href":"https:\/\/www.tsg-leutkirch.de\/skilaeuferzunft\/wp-json\/wp\/v2\/tags?post=7899"}],"curies":[{"name":"wp","href":"https:\/\/api.w.org\/{rel}","templated":true}]}}