{"id":1453,"date":"2022-06-13T10:42:10","date_gmt":"2022-06-13T08:42:10","guid":{"rendered":"https:\/\/www.tsg-leutkirch.de\/turnen\/?p=1453"},"modified":"2022-06-13T10:45:47","modified_gmt":"2022-06-13T08:45:47","slug":"ltf_lahr","status":"publish","type":"post","link":"https:\/\/www.tsg-leutkirch.de\/turnen\/2022\/06\/13\/ltf_lahr\/","title":{"rendered":"Landesturnfest 2022 in Lahr"},"content":{"rendered":"\t\t<div data-elementor-type=\"wp-post\" data-elementor-id=\"1453\" class=\"elementor elementor-1453\" data-elementor-post-type=\"post\">\n\t\t\t\t\t\t<section class=\"elementor-section elementor-top-section elementor-element elementor-element-62bbed0a elementor-section-boxed elementor-section-height-default elementor-section-height-default\" data-id=\"62bbed0a\" data-element_type=\"section\" data-e-type=\"section\" data-settings=\"{&quot;jet_parallax_layout_list&quot;:[{&quot;jet_parallax_layout_image&quot;:{&quot;url&quot;:&quot;&quot;,&quot;id&quot;:&quot;&quot;,&quot;size&quot;:&quot;&quot;},&quot;_id&quot;:&quot;ee2ca42&quot;,&quot;jet_parallax_layout_image_tablet&quot;:{&quot;url&quot;:&quot;&quot;,&quot;id&quot;:&quot;&quot;,&quot;size&quot;:&quot;&quot;},&quot;jet_parallax_layout_image_mobile&quot;:{&quot;url&quot;:&quot;&quot;,&quot;id&quot;:&quot;&quot;,&quot;size&quot;:&quot;&quot;},&quot;jet_parallax_layout_speed&quot;:{&quot;unit&quot;:&quot;%&quot;,&quot;size&quot;:50,&quot;sizes&quot;:[]},&quot;jet_parallax_layout_type&quot;:&quot;scroll&quot;,&quot;jet_parallax_layout_direction&quot;:&quot;1&quot;,&quot;jet_parallax_layout_fx_direction&quot;:null,&quot;jet_parallax_layout_z_index&quot;:&quot;&quot;,&quot;jet_parallax_layout_bg_x&quot;:50,&quot;jet_parallax_layout_bg_x_tablet&quot;:&quot;&quot;,&quot;jet_parallax_layout_bg_x_mobile&quot;:&quot;&quot;,&quot;jet_parallax_layout_bg_y&quot;:50,&quot;jet_parallax_layout_bg_y_tablet&quot;:&quot;&quot;,&quot;jet_parallax_layout_bg_y_mobile&quot;:&quot;&quot;,&quot;jet_parallax_layout_bg_size&quot;:&quot;auto&quot;,&quot;jet_parallax_layout_bg_size_tablet&quot;:&quot;&quot;,&quot;jet_parallax_layout_bg_size_mobile&quot;:&quot;&quot;,&quot;jet_parallax_layout_animation_prop&quot;:&quot;transform&quot;,&quot;jet_parallax_layout_on&quot;:[&quot;desktop&quot;,&quot;tablet&quot;]}]}\">\n\t\t\t\t\t\t<div class=\"elementor-container elementor-column-gap-default\">\n\t\t\t\t\t<div class=\"elementor-column elementor-col-100 elementor-top-column elementor-element elementor-element-7b8d73a1\" data-id=\"7b8d73a1\" data-element_type=\"column\" data-e-type=\"column\">\n\t\t\t<div class=\"elementor-widget-wrap elementor-element-populated\">\n\t\t\t\t\t\t<div class=\"elementor-element elementor-element-6bac8020 elementor-widget elementor-widget-text-editor\" data-id=\"6bac8020\" data-element_type=\"widget\" data-e-type=\"widget\" data-widget_type=\"text-editor.default\">\n\t\t\t\t<div class=\"elementor-widget-container\">\n\t\t\t\t\t\t\t\t\t<p>Vom 25.05. \u2013 29 05 2022 fand das <strong>Landesturnfest<\/strong> in Lahr statt. Mit 6 Turnerinnen aus Leutkirch sind wir am Donnerstag mit dem Zug gestartet.<\/p><p>Wie beim Turnfest \u00fcblich, wurde in einer (etwas au\u00dferhalb gelegenen) Schule \u00fcbernachtet. Aber die Busanbindung mit den extra eingerichteten Turnfestlinien war gut organisiert, so dass alle Veranstaltungsorte einfach erreichbar waren.<\/p><p>Unser Wahlwettkampf fand am Freitag statt. Jeder konnte sich 4 \u00dcbungen aus unterschiedlichen Bereichen aussuchen (Turnen, Minitrampolin, Schwimmen, Leichtathletik).<\/p><p>Unsere Turnfest-Newcomer starteten in der Altersklasse 14-15 Jahre. In einem gro\u00dfen Teilnehmerfeld mit ca. 300 Starterinnen platzierte sich Nele auf einem tollen 79. Platz. Ein spannendes Rennen lieferten sich Marie, Marlene und Diana. Nur 0,05 P. lagen zwischen den 3 Turnerinnen, die dadurch die Pl\u00e4tze 239 \u2013 241 einnahmen.<\/p><p>Auch Sarah hatte sich gegen eine gro\u00dfe Konkurrenz zu behaupten. Bei 161 Teilnehmerinnen, landete sie am Ende nach einem guten Wettkampf auf Platz 51.<\/p><p>Bei den \u201e\u00e4lteren Damen\u201c in der AK 45-49 waren nur noch 14 TN am Start. Hier schaffte Tanja mit Platz 3 den Sprung aufs Treppchen.<\/p><p>Am Freitagabend stand dann die Turnfestgala auf dem Programm, bei der verschiedene Gruppen aus den Bereichen Turnen und Tanzen ihr K\u00f6nnen zeigten. <br \/>W\u00e4hrend Tanja am Samstag ihren Helfereinsatz als Kampfrichterin aus\u00fcbte, konnten die anderen die KunstturnerInnen des Schw\u00e4bischen und Badischen Turnerbundes in den Ger\u00e4tefinals der Baden-W\u00fcrttembergischen Meisterschaften bestaunen.<\/p><p>Samstagabend haben wir das Turnfest noch auf der Baden-Open Party ausklingen lassen.<\/p>\t\t\t\t\t\t\t\t<\/div>\n\t\t\t\t<\/div>\n\t\t\t\t\t<\/div>\n\t\t<\/div>\n\t\t\t\t\t<\/div>\n\t\t<\/section>\n\t\t\t\t<section class=\"elementor-section elementor-top-section elementor-element elementor-element-f711e41 elementor-section-boxed elementor-section-height-default elementor-section-height-default\" data-id=\"f711e41\" data-element_type=\"section\" data-e-type=\"section\" data-settings=\"{&quot;jet_parallax_layout_list&quot;:[]}\">\n\t\t\t\t\t\t<div class=\"elementor-container elementor-column-gap-default\">\n\t\t\t\t\t<div class=\"elementor-column elementor-col-33 elementor-top-column elementor-element elementor-element-c9f524c\" data-id=\"c9f524c\" data-element_type=\"column\" data-e-type=\"column\">\n\t\t\t<div class=\"elementor-widget-wrap elementor-element-populated\">\n\t\t\t\t\t\t<div class=\"elementor-element elementor-element-6c5c035 elementor-widget elementor-widget-image\" data-id=\"6c5c035\" data-element_type=\"widget\" data-e-type=\"widget\" data-widget_type=\"image.default\">\n\t\t\t\t<div class=\"elementor-widget-container\">\n\t\t\t\t\t\t\t\t\t\t\t\t\t\t\t<img fetchpriority=\"high\" decoding=\"async\" width=\"1024\" height=\"768\" src=\"https:\/\/www.tsg-leutkirch.de\/turnen\/wp-content\/uploads\/sites\/30\/2022\/06\/2022-05-26-08.29.12-1024x768.jpg\" class=\"attachment-large size-large wp-image-1455\" alt=\"\" srcset=\"https:\/\/www.tsg-leutkirch.de\/turnen\/wp-content\/uploads\/sites\/30\/2022\/06\/2022-05-26-08.29.12-1024x768.jpg 1024w, https:\/\/www.tsg-leutkirch.de\/turnen\/wp-content\/uploads\/sites\/30\/2022\/06\/2022-05-26-08.29.12-300x225.jpg 300w, https:\/\/www.tsg-leutkirch.de\/turnen\/wp-content\/uploads\/sites\/30\/2022\/06\/2022-05-26-08.29.12-768x576.jpg 768w, https:\/\/www.tsg-leutkirch.de\/turnen\/wp-content\/uploads\/sites\/30\/2022\/06\/2022-05-26-08.29.12-1536x1152.jpg 1536w, https:\/\/www.tsg-leutkirch.de\/turnen\/wp-content\/uploads\/sites\/30\/2022\/06\/2022-05-26-08.29.12-2048x1536.jpg 2048w\" sizes=\"(max-width: 1024px) 100vw, 1024px\" \/>\t\t\t\t\t\t\t\t\t\t\t\t\t\t\t<\/div>\n\t\t\t\t<\/div>\n\t\t\t\t\t<\/div>\n\t\t<\/div>\n\t\t\t\t<div class=\"elementor-column elementor-col-33 elementor-top-column elementor-element elementor-element-0e2d4ed\" data-id=\"0e2d4ed\" data-element_type=\"column\" data-e-type=\"column\">\n\t\t\t<div class=\"elementor-widget-wrap elementor-element-populated\">\n\t\t\t\t\t\t<div class=\"elementor-element elementor-element-b79a6d6 elementor-widget elementor-widget-image\" data-id=\"b79a6d6\" data-element_type=\"widget\" data-e-type=\"widget\" data-widget_type=\"image.default\">\n\t\t\t\t<div class=\"elementor-widget-container\">\n\t\t\t\t\t\t\t\t\t\t\t\t\t\t\t<img decoding=\"async\" width=\"1024\" height=\"768\" src=\"https:\/\/www.tsg-leutkirch.de\/turnen\/wp-content\/uploads\/sites\/30\/2022\/06\/2022-05-27-11.28.43-1024x768.jpg\" class=\"attachment-large size-large wp-image-1457\" alt=\"\" srcset=\"https:\/\/www.tsg-leutkirch.de\/turnen\/wp-content\/uploads\/sites\/30\/2022\/06\/2022-05-27-11.28.43-1024x768.jpg 1024w, https:\/\/www.tsg-leutkirch.de\/turnen\/wp-content\/uploads\/sites\/30\/2022\/06\/2022-05-27-11.28.43-300x225.jpg 300w, https:\/\/www.tsg-leutkirch.de\/turnen\/wp-content\/uploads\/sites\/30\/2022\/06\/2022-05-27-11.28.43-768x576.jpg 768w, https:\/\/www.tsg-leutkirch.de\/turnen\/wp-content\/uploads\/sites\/30\/2022\/06\/2022-05-27-11.28.43-1536x1152.jpg 1536w, https:\/\/www.tsg-leutkirch.de\/turnen\/wp-content\/uploads\/sites\/30\/2022\/06\/2022-05-27-11.28.43-2048x1536.jpg 2048w\" sizes=\"(max-width: 1024px) 100vw, 1024px\" \/>\t\t\t\t\t\t\t\t\t\t\t\t\t\t\t<\/div>\n\t\t\t\t<\/div>\n\t\t\t\t\t<\/div>\n\t\t<\/div>\n\t\t\t\t<div class=\"elementor-column elementor-col-33 elementor-top-column elementor-element elementor-element-1d585f7\" data-id=\"1d585f7\" data-element_type=\"column\" data-e-type=\"column\">\n\t\t\t<div class=\"elementor-widget-wrap elementor-element-populated\">\n\t\t\t\t\t\t<div class=\"elementor-element elementor-element-ad79516 elementor-widget elementor-widget-image\" data-id=\"ad79516\" data-element_type=\"widget\" data-e-type=\"widget\" data-widget_type=\"image.default\">\n\t\t\t\t<div class=\"elementor-widget-container\">\n\t\t\t\t\t\t\t\t\t\t\t\t\t\t\t<img decoding=\"async\" width=\"1024\" height=\"687\" src=\"https:\/\/www.tsg-leutkirch.de\/turnen\/wp-content\/uploads\/sites\/30\/2022\/06\/2022-05-27-12.39.39-1024x687.jpg\" class=\"attachment-large size-large wp-image-1458\" alt=\"\" srcset=\"https:\/\/www.tsg-leutkirch.de\/turnen\/wp-content\/uploads\/sites\/30\/2022\/06\/2022-05-27-12.39.39-1024x687.jpg 1024w, https:\/\/www.tsg-leutkirch.de\/turnen\/wp-content\/uploads\/sites\/30\/2022\/06\/2022-05-27-12.39.39-300x201.jpg 300w, https:\/\/www.tsg-leutkirch.de\/turnen\/wp-content\/uploads\/sites\/30\/2022\/06\/2022-05-27-12.39.39-768x516.jpg 768w, https:\/\/www.tsg-leutkirch.de\/turnen\/wp-content\/uploads\/sites\/30\/2022\/06\/2022-05-27-12.39.39-1536x1031.jpg 1536w, https:\/\/www.tsg-leutkirch.de\/turnen\/wp-content\/uploads\/sites\/30\/2022\/06\/2022-05-27-12.39.39-2048x1375.jpg 2048w\" sizes=\"(max-width: 1024px) 100vw, 1024px\" \/>\t\t\t\t\t\t\t\t\t\t\t\t\t\t\t<\/div>\n\t\t\t\t<\/div>\n\t\t\t\t\t<\/div>\n\t\t<\/div>\n\t\t\t\t\t<\/div>\n\t\t<\/section>\n\t\t\t\t<\/div>\n\t\t","protected":false},"excerpt":{"rendered":"<p>Vom 25.05. \u2013 29 05 2022 fand das Landesturnfest in Lahr statt. Mit 6 Turnerinnen aus Leutkirch sind wir am Donnerstag mit dem Zug gestartet. Wie beim Turnfest \u00fcblich, wurde in einer (etwas au\u00dferhalb gelegenen) Schule \u00fcbernachtet. Aber die Busanbindung mit den extra eingerichteten Turnfestlinien war gut organisiert, so dass alle Veranstaltungsorte einfach erreichbar waren. [&hellip;]<\/p>\n","protected":false},"author":17,"featured_media":1459,"comment_status":"open","ping_status":"open","sticky":false,"template":"","format":"quote","meta":{"_acf_changed":false,"site-sidebar-layout":"default","site-content-layout":"default","ast-site-content-layout":"default","site-content-style":"default","site-sidebar-style":"default","ast-global-header-display":"","ast-banner-title-visibility":"","ast-main-header-display":"","ast-hfb-above-header-display":"","ast-hfb-below-header-display":"","ast-hfb-mobile-header-display":"","site-post-title":"","ast-breadcrumbs-content":"","ast-featured-img":"","footer-sml-layout":"","ast-disable-related-posts":"","theme-transparent-header-meta":"default","adv-header-id-meta":"","stick-header-meta":"default","header-above-stick-meta":"","header-main-stick-meta":"","header-below-stick-meta":"","astra-migrate-meta-layouts":"default","ast-page-background-enabled":"default","ast-page-background-meta":{"desktop":{"background-color":"","background-image":"","background-repeat":"repeat","background-position":"center center","background-size":"auto","background-attachment":"scroll","background-type":"","background-media":"","overlay-type":"","overlay-color":"","overlay-opacity":"","overlay-gradient":""},"tablet":{"background-color":"","background-image":"","background-repeat":"repeat","background-position":"center center","background-size":"auto","background-attachment":"scroll","background-type":"","background-media":"","overlay-type":"","overlay-color":"","overlay-opacity":"","overlay-gradient":""},"mobile":{"background-color":"","background-image":"","background-repeat":"repeat","background-position":"center center","background-size":"auto","background-attachment":"scroll","background-type":"","background-media":"","overlay-type":"","overlay-color":"","overlay-opacity":"","overlay-gradient":""}},"ast-content-background-meta":{"desktop":{"background-color":"var(--ast-global-color-5)","background-image":"","background-repeat":"repeat","background-position":"center center","background-size":"auto","background-attachment":"scroll","background-type":"","background-media":"","overlay-type":"","overlay-color":"","overlay-opacity":"","overlay-gradient":""},"tablet":{"background-color":"var(--ast-global-color-5)","background-image":"","background-repeat":"repeat","background-position":"center center","background-size":"auto","background-attachment":"scroll","background-type":"","background-media":"","overlay-type":"","overlay-color":"","overlay-opacity":"","overlay-gradient":""},"mobile":{"background-color":"var(--ast-global-color-5)","background-image":"","background-repeat":"repeat","background-position":"center center","background-size":"auto","background-attachment":"scroll","background-type":"","background-media":"","overlay-type":"","overlay-color":"","overlay-opacity":"","overlay-gradient":""}},"footnotes":""},"categories":[1],"tags":[],"class_list":["post-1453","post","type-post","status-publish","format-quote","has-post-thumbnail","hentry","category-allgemein","post_format-post-format-quote"],"acf":[],"_links":{"self":[{"href":"https:\/\/www.tsg-leutkirch.de\/turnen\/wp-json\/wp\/v2\/posts\/1453","targetHints":{"allow":["GET"]}}],"collection":[{"href":"https:\/\/www.tsg-leutkirch.de\/turnen\/wp-json\/wp\/v2\/posts"}],"about":[{"href":"https:\/\/www.tsg-leutkirch.de\/turnen\/wp-json\/wp\/v2\/types\/post"}],"author":[{"embeddable":true,"href":"https:\/\/www.tsg-leutkirch.de\/turnen\/wp-json\/wp\/v2\/users\/17"}],"replies":[{"embeddable":true,"href":"https:\/\/www.tsg-leutkirch.de\/turnen\/wp-json\/wp\/v2\/comments?post=1453"}],"version-history":[{"count":4,"href":"https:\/\/www.tsg-leutkirch.de\/turnen\/wp-json\/wp\/v2\/posts\/1453\/revisions"}],"predecessor-version":[{"id":1462,"href":"https:\/\/www.tsg-leutkirch.de\/turnen\/wp-json\/wp\/v2\/posts\/1453\/revisions\/1462"}],"wp:featuredmedia":[{"embeddable":true,"href":"https:\/\/www.tsg-leutkirch.de\/turnen\/wp-json\/wp\/v2\/media\/1459"}],"wp:attachment":[{"href":"https:\/\/www.tsg-leutkirch.de\/turnen\/wp-json\/wp\/v2\/media?parent=1453"}],"wp:term":[{"taxonomy":"category","embeddable":true,"href":"https:\/\/www.tsg-leutkirch.de\/turnen\/wp-json\/wp\/v2\/categories?post=1453"},{"taxonomy":"post_tag","embeddable":true,"href":"https:\/\/www.tsg-leutkirch.de\/turnen\/wp-json\/wp\/v2\/tags?post=1453"}],"curies":[{"name":"wp","href":"https:\/\/api.w.org\/{rel}","templated":true}]}}