{"id":1555,"date":"2022-07-24T09:05:51","date_gmt":"2022-07-24T07:05:51","guid":{"rendered":"https:\/\/www.tsg-leutkirch.de\/turnen\/?p=1555"},"modified":"2022-07-24T09:16:50","modified_gmt":"2022-07-24T07:16:50","slug":"turngruppen-verabschieden-sich-in-die-sommerferien","status":"publish","type":"post","link":"https:\/\/www.tsg-leutkirch.de\/turnen\/2022\/07\/24\/turngruppen-verabschieden-sich-in-die-sommerferien\/","title":{"rendered":"Turngruppen verabschieden sich in die Sommerferien"},"content":{"rendered":"\t\t<div data-elementor-type=\"wp-post\" data-elementor-id=\"1555\" class=\"elementor elementor-1555\" data-elementor-post-type=\"post\">\n\t\t\t\t\t\t<section class=\"elementor-section elementor-top-section elementor-element elementor-element-62bbed0a elementor-section-boxed elementor-section-height-default elementor-section-height-default\" data-id=\"62bbed0a\" data-element_type=\"section\" data-e-type=\"section\" data-settings=\"{&quot;jet_parallax_layout_list&quot;:[{&quot;jet_parallax_layout_image&quot;:{&quot;url&quot;:&quot;&quot;,&quot;id&quot;:&quot;&quot;,&quot;size&quot;:&quot;&quot;},&quot;_id&quot;:&quot;ee2ca42&quot;,&quot;jet_parallax_layout_image_tablet&quot;:{&quot;url&quot;:&quot;&quot;,&quot;id&quot;:&quot;&quot;,&quot;size&quot;:&quot;&quot;},&quot;jet_parallax_layout_image_mobile&quot;:{&quot;url&quot;:&quot;&quot;,&quot;id&quot;:&quot;&quot;,&quot;size&quot;:&quot;&quot;},&quot;jet_parallax_layout_speed&quot;:{&quot;unit&quot;:&quot;%&quot;,&quot;size&quot;:50,&quot;sizes&quot;:[]},&quot;jet_parallax_layout_type&quot;:&quot;scroll&quot;,&quot;jet_parallax_layout_direction&quot;:&quot;1&quot;,&quot;jet_parallax_layout_fx_direction&quot;:null,&quot;jet_parallax_layout_z_index&quot;:&quot;&quot;,&quot;jet_parallax_layout_bg_x&quot;:50,&quot;jet_parallax_layout_bg_x_tablet&quot;:&quot;&quot;,&quot;jet_parallax_layout_bg_x_mobile&quot;:&quot;&quot;,&quot;jet_parallax_layout_bg_y&quot;:50,&quot;jet_parallax_layout_bg_y_tablet&quot;:&quot;&quot;,&quot;jet_parallax_layout_bg_y_mobile&quot;:&quot;&quot;,&quot;jet_parallax_layout_bg_size&quot;:&quot;auto&quot;,&quot;jet_parallax_layout_bg_size_tablet&quot;:&quot;&quot;,&quot;jet_parallax_layout_bg_size_mobile&quot;:&quot;&quot;,&quot;jet_parallax_layout_animation_prop&quot;:&quot;transform&quot;,&quot;jet_parallax_layout_on&quot;:[&quot;desktop&quot;,&quot;tablet&quot;]}]}\">\n\t\t\t\t\t\t<div class=\"elementor-container elementor-column-gap-default\">\n\t\t\t\t\t<div class=\"elementor-column elementor-col-100 elementor-top-column elementor-element elementor-element-7b8d73a1\" data-id=\"7b8d73a1\" data-element_type=\"column\" data-e-type=\"column\">\n\t\t\t<div class=\"elementor-widget-wrap elementor-element-populated\">\n\t\t\t\t\t\t<div class=\"elementor-element elementor-element-6bac8020 elementor-widget elementor-widget-text-editor\" data-id=\"6bac8020\" data-element_type=\"widget\" data-e-type=\"widget\" data-widget_type=\"text-editor.default\">\n\t\t\t\t<div class=\"elementor-widget-container\">\n\t\t\t\t\t\t\t\t\t<p>Traditionell haben sich endlich dieses Jahr mal wieder die Kinder unserer Turngruppen mit einem gemeinsamen Eis in die Sommerferien verabschiedet. <br>Die Kinder und Eltern vom Eltern-Kind, die Kinder des Vorschulturnens sowie die M\u00e4dchen vom Ger\u00e4teturnen und die Jungs vom Bubenturnen haben es sich echt schmecken lassen. <br><br>Wir w\u00fcnschen allen sch\u00f6ne Sommerferien und freuen uns auf den Herbst, wenn\u00b4s wieder losgeht!<\/p>\t\t\t\t\t\t\t\t<\/div>\n\t\t\t\t<\/div>\n\t\t\t\t\t<\/div>\n\t\t<\/div>\n\t\t\t\t\t<\/div>\n\t\t<\/section>\n\t\t\t\t<section class=\"elementor-section elementor-top-section elementor-element elementor-element-f711e41 elementor-section-boxed elementor-section-height-default elementor-section-height-default\" data-id=\"f711e41\" data-element_type=\"section\" data-e-type=\"section\" data-settings=\"{&quot;jet_parallax_layout_list&quot;:[]}\">\n\t\t\t\t\t\t<div class=\"elementor-container elementor-column-gap-default\">\n\t\t\t\t\t<div class=\"elementor-column elementor-col-33 elementor-top-column elementor-element elementor-element-c9f524c\" data-id=\"c9f524c\" data-element_type=\"column\" data-e-type=\"column\">\n\t\t\t<div class=\"elementor-widget-wrap elementor-element-populated\">\n\t\t\t\t\t\t<div class=\"elementor-element elementor-element-790148c elementor-widget elementor-widget-image\" data-id=\"790148c\" data-element_type=\"widget\" data-e-type=\"widget\" data-widget_type=\"image.default\">\n\t\t\t\t<div class=\"elementor-widget-container\">\n\t\t\t\t\t\t\t\t\t\t\t\t\t\t\t<img fetchpriority=\"high\" decoding=\"async\" width=\"768\" height=\"1024\" src=\"https:\/\/www.tsg-leutkirch.de\/turnen\/wp-content\/uploads\/sites\/30\/2022\/07\/IMG_1799-768x1024.jpg\" class=\"attachment-large size-large wp-image-1560\" alt=\"\" srcset=\"https:\/\/www.tsg-leutkirch.de\/turnen\/wp-content\/uploads\/sites\/30\/2022\/07\/IMG_1799-768x1024.jpg 768w, https:\/\/www.tsg-leutkirch.de\/turnen\/wp-content\/uploads\/sites\/30\/2022\/07\/IMG_1799-225x300.jpg 225w, https:\/\/www.tsg-leutkirch.de\/turnen\/wp-content\/uploads\/sites\/30\/2022\/07\/IMG_1799-1152x1536.jpg 1152w, https:\/\/www.tsg-leutkirch.de\/turnen\/wp-content\/uploads\/sites\/30\/2022\/07\/IMG_1799-rotated.jpg 1512w\" sizes=\"(max-width: 768px) 100vw, 768px\" \/>\t\t\t\t\t\t\t\t\t\t\t\t\t\t\t<\/div>\n\t\t\t\t<\/div>\n\t\t\t\t\t<\/div>\n\t\t<\/div>\n\t\t\t\t<div class=\"elementor-column elementor-col-33 elementor-top-column elementor-element elementor-element-0e2d4ed\" data-id=\"0e2d4ed\" data-element_type=\"column\" data-e-type=\"column\">\n\t\t\t<div class=\"elementor-widget-wrap elementor-element-populated\">\n\t\t\t\t\t\t<div class=\"elementor-element elementor-element-6c5c035 elementor-widget elementor-widget-image\" data-id=\"6c5c035\" data-element_type=\"widget\" data-e-type=\"widget\" data-widget_type=\"image.default\">\n\t\t\t\t<div class=\"elementor-widget-container\">\n\t\t\t\t\t\t\t\t\t\t\t\t\t\t\t<img decoding=\"async\" width=\"1024\" height=\"768\" src=\"https:\/\/www.tsg-leutkirch.de\/turnen\/wp-content\/uploads\/sites\/30\/2022\/07\/PHOTO-2022-07-22-17-35-05-1024x768.jpg\" class=\"attachment-large size-large wp-image-1564\" alt=\"\" srcset=\"https:\/\/www.tsg-leutkirch.de\/turnen\/wp-content\/uploads\/sites\/30\/2022\/07\/PHOTO-2022-07-22-17-35-05-1024x768.jpg 1024w, https:\/\/www.tsg-leutkirch.de\/turnen\/wp-content\/uploads\/sites\/30\/2022\/07\/PHOTO-2022-07-22-17-35-05-300x225.jpg 300w, https:\/\/www.tsg-leutkirch.de\/turnen\/wp-content\/uploads\/sites\/30\/2022\/07\/PHOTO-2022-07-22-17-35-05-768x576.jpg 768w, https:\/\/www.tsg-leutkirch.de\/turnen\/wp-content\/uploads\/sites\/30\/2022\/07\/PHOTO-2022-07-22-17-35-05-1536x1152.jpg 1536w, https:\/\/www.tsg-leutkirch.de\/turnen\/wp-content\/uploads\/sites\/30\/2022\/07\/PHOTO-2022-07-22-17-35-05.jpg 2016w\" sizes=\"(max-width: 1024px) 100vw, 1024px\" \/>\t\t\t\t\t\t\t\t\t\t\t\t\t\t\t<\/div>\n\t\t\t\t<\/div>\n\t\t\t\t<div class=\"elementor-element elementor-element-3a1d891 elementor-widget elementor-widget-image\" data-id=\"3a1d891\" data-element_type=\"widget\" data-e-type=\"widget\" data-widget_type=\"image.default\">\n\t\t\t\t<div class=\"elementor-widget-container\">\n\t\t\t\t\t\t\t\t\t\t\t\t\t\t\t<img decoding=\"async\" width=\"1024\" height=\"768\" src=\"https:\/\/www.tsg-leutkirch.de\/turnen\/wp-content\/uploads\/sites\/30\/2022\/07\/PHOTO-2022-07-20-19-47-42-1024x768.jpg\" class=\"attachment-large size-large wp-image-1562\" alt=\"\" srcset=\"https:\/\/www.tsg-leutkirch.de\/turnen\/wp-content\/uploads\/sites\/30\/2022\/07\/PHOTO-2022-07-20-19-47-42-1024x768.jpg 1024w, https:\/\/www.tsg-leutkirch.de\/turnen\/wp-content\/uploads\/sites\/30\/2022\/07\/PHOTO-2022-07-20-19-47-42-300x225.jpg 300w, https:\/\/www.tsg-leutkirch.de\/turnen\/wp-content\/uploads\/sites\/30\/2022\/07\/PHOTO-2022-07-20-19-47-42-768x576.jpg 768w, https:\/\/www.tsg-leutkirch.de\/turnen\/wp-content\/uploads\/sites\/30\/2022\/07\/PHOTO-2022-07-20-19-47-42-1536x1152.jpg 1536w, https:\/\/www.tsg-leutkirch.de\/turnen\/wp-content\/uploads\/sites\/30\/2022\/07\/PHOTO-2022-07-20-19-47-42.jpg 2016w\" sizes=\"(max-width: 1024px) 100vw, 1024px\" \/>\t\t\t\t\t\t\t\t\t\t\t\t\t\t\t<\/div>\n\t\t\t\t<\/div>\n\t\t\t\t\t<\/div>\n\t\t<\/div>\n\t\t\t\t<div class=\"elementor-column elementor-col-33 elementor-top-column elementor-element elementor-element-22b9ec2\" data-id=\"22b9ec2\" data-element_type=\"column\" data-e-type=\"column\">\n\t\t\t<div class=\"elementor-widget-wrap elementor-element-populated\">\n\t\t\t\t\t\t<div class=\"elementor-element elementor-element-a2aad8c elementor-widget elementor-widget-image\" data-id=\"a2aad8c\" data-element_type=\"widget\" data-e-type=\"widget\" data-widget_type=\"image.default\">\n\t\t\t\t<div class=\"elementor-widget-container\">\n\t\t\t\t\t\t\t\t\t\t\t\t\t\t\t<img loading=\"lazy\" decoding=\"async\" width=\"768\" height=\"1024\" src=\"https:\/\/www.tsg-leutkirch.de\/turnen\/wp-content\/uploads\/sites\/30\/2022\/07\/IMG_1795-768x1024.jpg\" class=\"attachment-large size-large wp-image-1556\" alt=\"\" srcset=\"https:\/\/www.tsg-leutkirch.de\/turnen\/wp-content\/uploads\/sites\/30\/2022\/07\/IMG_1795-768x1024.jpg 768w, https:\/\/www.tsg-leutkirch.de\/turnen\/wp-content\/uploads\/sites\/30\/2022\/07\/IMG_1795-225x300.jpg 225w, https:\/\/www.tsg-leutkirch.de\/turnen\/wp-content\/uploads\/sites\/30\/2022\/07\/IMG_1795-1152x1536.jpg 1152w, https:\/\/www.tsg-leutkirch.de\/turnen\/wp-content\/uploads\/sites\/30\/2022\/07\/IMG_1795-rotated.jpg 1512w\" sizes=\"(max-width: 768px) 100vw, 768px\" \/>\t\t\t\t\t\t\t\t\t\t\t\t\t\t\t<\/div>\n\t\t\t\t<\/div>\n\t\t\t\t\t<\/div>\n\t\t<\/div>\n\t\t\t\t\t<\/div>\n\t\t<\/section>\n\t\t\t\t<\/div>\n\t\t","protected":false},"excerpt":{"rendered":"<p>Traditionell haben sich endlich dieses Jahr mal wieder die Kinder unserer Turngruppen mit einem gemeinsamen Eis in die Sommerferien verabschiedet. Die Kinder und Eltern vom Eltern-Kind, die Kinder des Vorschulturnens sowie die M\u00e4dchen vom Ger\u00e4teturnen und die Jungs vom Bubenturnen haben es sich echt schmecken lassen. Wir w\u00fcnschen allen sch\u00f6ne Sommerferien und freuen uns auf [&hellip;]<\/p>\n","protected":false},"author":17,"featured_media":1563,"comment_status":"open","ping_status":"open","sticky":false,"template":"","format":"quote","meta":{"_acf_changed":false,"site-sidebar-layout":"default","site-content-layout":"default","ast-site-content-layout":"default","site-content-style":"default","site-sidebar-style":"default","ast-global-header-display":"","ast-banner-title-visibility":"","ast-main-header-display":"","ast-hfb-above-header-display":"","ast-hfb-below-header-display":"","ast-hfb-mobile-header-display":"","site-post-title":"","ast-breadcrumbs-content":"","ast-featured-img":"","footer-sml-layout":"","ast-disable-related-posts":"","theme-transparent-header-meta":"default","adv-header-id-meta":"","stick-header-meta":"default","header-above-stick-meta":"","header-main-stick-meta":"","header-below-stick-meta":"","astra-migrate-meta-layouts":"default","ast-page-background-enabled":"default","ast-page-background-meta":{"desktop":{"background-color":"","background-image":"","background-repeat":"repeat","background-position":"center center","background-size":"auto","background-attachment":"scroll","background-type":"","background-media":"","overlay-type":"","overlay-color":"","overlay-opacity":"","overlay-gradient":""},"tablet":{"background-color":"","background-image":"","background-repeat":"repeat","background-position":"center center","background-size":"auto","background-attachment":"scroll","background-type":"","background-media":"","overlay-type":"","overlay-color":"","overlay-opacity":"","overlay-gradient":""},"mobile":{"background-color":"","background-image":"","background-repeat":"repeat","background-position":"center center","background-size":"auto","background-attachment":"scroll","background-type":"","background-media":"","overlay-type":"","overlay-color":"","overlay-opacity":"","overlay-gradient":""}},"ast-content-background-meta":{"desktop":{"background-color":"var(--ast-global-color-5)","background-image":"","background-repeat":"repeat","background-position":"center center","background-size":"auto","background-attachment":"scroll","background-type":"","background-media":"","overlay-type":"","overlay-color":"","overlay-opacity":"","overlay-gradient":""},"tablet":{"background-color":"var(--ast-global-color-5)","background-image":"","background-repeat":"repeat","background-position":"center center","background-size":"auto","background-attachment":"scroll","background-type":"","background-media":"","overlay-type":"","overlay-color":"","overlay-opacity":"","overlay-gradient":""},"mobile":{"background-color":"var(--ast-global-color-5)","background-image":"","background-repeat":"repeat","background-position":"center center","background-size":"auto","background-attachment":"scroll","background-type":"","background-media":"","overlay-type":"","overlay-color":"","overlay-opacity":"","overlay-gradient":""}},"footnotes":""},"categories":[1],"tags":[],"class_list":["post-1555","post","type-post","status-publish","format-quote","has-post-thumbnail","hentry","category-allgemein","post_format-post-format-quote"],"acf":[],"_links":{"self":[{"href":"https:\/\/www.tsg-leutkirch.de\/turnen\/wp-json\/wp\/v2\/posts\/1555","targetHints":{"allow":["GET"]}}],"collection":[{"href":"https:\/\/www.tsg-leutkirch.de\/turnen\/wp-json\/wp\/v2\/posts"}],"about":[{"href":"https:\/\/www.tsg-leutkirch.de\/turnen\/wp-json\/wp\/v2\/types\/post"}],"author":[{"embeddable":true,"href":"https:\/\/www.tsg-leutkirch.de\/turnen\/wp-json\/wp\/v2\/users\/17"}],"replies":[{"embeddable":true,"href":"https:\/\/www.tsg-leutkirch.de\/turnen\/wp-json\/wp\/v2\/comments?post=1555"}],"version-history":[{"count":6,"href":"https:\/\/www.tsg-leutkirch.de\/turnen\/wp-json\/wp\/v2\/posts\/1555\/revisions"}],"predecessor-version":[{"id":1571,"href":"https:\/\/www.tsg-leutkirch.de\/turnen\/wp-json\/wp\/v2\/posts\/1555\/revisions\/1571"}],"wp:featuredmedia":[{"embeddable":true,"href":"https:\/\/www.tsg-leutkirch.de\/turnen\/wp-json\/wp\/v2\/media\/1563"}],"wp:attachment":[{"href":"https:\/\/www.tsg-leutkirch.de\/turnen\/wp-json\/wp\/v2\/media?parent=1555"}],"wp:term":[{"taxonomy":"category","embeddable":true,"href":"https:\/\/www.tsg-leutkirch.de\/turnen\/wp-json\/wp\/v2\/categories?post=1555"},{"taxonomy":"post_tag","embeddable":true,"href":"https:\/\/www.tsg-leutkirch.de\/turnen\/wp-json\/wp\/v2\/tags?post=1555"}],"curies":[{"name":"wp","href":"https:\/\/api.w.org\/{rel}","templated":true}]}}