{"id":1970,"date":"2023-06-12T11:09:38","date_gmt":"2023-06-12T09:09:38","guid":{"rendered":"https:\/\/www.tsg-leutkirch.de\/turnen\/?p=1970"},"modified":"2023-08-12T11:27:48","modified_gmt":"2023-08-12T09:27:48","slug":"gauturnfest-2023-in-ailingen","status":"publish","type":"post","link":"https:\/\/www.tsg-leutkirch.de\/turnen\/2023\/06\/12\/gauturnfest-2023-in-ailingen\/","title":{"rendered":"Gauturnfest 2023 in Ailingen"},"content":{"rendered":"\t\t<div data-elementor-type=\"wp-post\" data-elementor-id=\"1970\" class=\"elementor elementor-1970\" data-elementor-post-type=\"post\">\n\t\t\t\t\t\t<section class=\"elementor-section elementor-top-section elementor-element elementor-element-62bbed0a elementor-section-boxed elementor-section-height-default elementor-section-height-default\" data-id=\"62bbed0a\" data-element_type=\"section\" data-e-type=\"section\" data-settings=\"{&quot;jet_parallax_layout_list&quot;:[{&quot;jet_parallax_layout_image&quot;:{&quot;url&quot;:&quot;&quot;,&quot;id&quot;:&quot;&quot;,&quot;size&quot;:&quot;&quot;},&quot;_id&quot;:&quot;ee2ca42&quot;,&quot;jet_parallax_layout_image_tablet&quot;:{&quot;url&quot;:&quot;&quot;,&quot;id&quot;:&quot;&quot;,&quot;size&quot;:&quot;&quot;},&quot;jet_parallax_layout_image_mobile&quot;:{&quot;url&quot;:&quot;&quot;,&quot;id&quot;:&quot;&quot;,&quot;size&quot;:&quot;&quot;},&quot;jet_parallax_layout_speed&quot;:{&quot;unit&quot;:&quot;%&quot;,&quot;size&quot;:50,&quot;sizes&quot;:[]},&quot;jet_parallax_layout_type&quot;:&quot;scroll&quot;,&quot;jet_parallax_layout_direction&quot;:&quot;1&quot;,&quot;jet_parallax_layout_fx_direction&quot;:null,&quot;jet_parallax_layout_z_index&quot;:&quot;&quot;,&quot;jet_parallax_layout_bg_x&quot;:50,&quot;jet_parallax_layout_bg_x_tablet&quot;:&quot;&quot;,&quot;jet_parallax_layout_bg_x_mobile&quot;:&quot;&quot;,&quot;jet_parallax_layout_bg_y&quot;:50,&quot;jet_parallax_layout_bg_y_tablet&quot;:&quot;&quot;,&quot;jet_parallax_layout_bg_y_mobile&quot;:&quot;&quot;,&quot;jet_parallax_layout_bg_size&quot;:&quot;auto&quot;,&quot;jet_parallax_layout_bg_size_tablet&quot;:&quot;&quot;,&quot;jet_parallax_layout_bg_size_mobile&quot;:&quot;&quot;,&quot;jet_parallax_layout_animation_prop&quot;:&quot;transform&quot;,&quot;jet_parallax_layout_on&quot;:[&quot;desktop&quot;,&quot;tablet&quot;]}]}\">\n\t\t\t\t\t\t<div class=\"elementor-container elementor-column-gap-default\">\n\t\t\t\t\t<div class=\"elementor-column elementor-col-100 elementor-top-column elementor-element elementor-element-7b8d73a1\" data-id=\"7b8d73a1\" data-element_type=\"column\" data-e-type=\"column\">\n\t\t\t<div class=\"elementor-widget-wrap elementor-element-populated\">\n\t\t\t\t\t\t<div class=\"elementor-element elementor-element-6bac8020 elementor-widget__width-initial elementor-widget elementor-widget-text-editor\" data-id=\"6bac8020\" data-element_type=\"widget\" data-e-type=\"widget\" data-widget_type=\"text-editor.default\">\n\t\t\t\t<div class=\"elementor-widget-container\">\n\t\t\t\t\t\t\t\t\t<p><strong> 78. Gauturnfest des Turngau Oberschwaben23.06. \u2013 25.06.2023 in Ailingen\u00a0 und wir waren dabei!<\/strong><\/p><p>Mit insgesamt 17 Teilnehmerinnen ging die TSG Leutkirch auf die Reise. Das Turnfest stand ganz im Zuge der Nachhaltigkeit und so sind wir mit Bus und Bahn angereist. Die Wettk\u00e4mpfe fanden \u00fcber das ganze Wochenende verteilt statt und am Samstag gingen wir im Wahlwettkampf aus 4 Disziplinen an den Start.<\/p><p>In der <strong>C-Jugend (12\/13 Jahre)<\/strong> konnten die TSG Turnerinnen das Treppchen f\u00fcr sich alleine beanspruchen. Es gewann Luisa Bank vor Regina Schele und Josephine Dorner. Die weiteren Pl\u00e4tze: 6. Pauline Neuschel, 7. Rebekka Kroner, 12. Alea Hasani, 13. Lotta Hufschmid, 19. Carola Gonz\u00e1les Panos.<\/p><p>Auch in den weiteren Altersklassen konnten die Turnerinnen ihre Leistungen abrufen und wurden mit tollen Pl\u00e4tzen belohn: So erreichte Romy Rietzler in der<strong> AK 14\/15<\/strong> den 2. Platz. 4. Nele Schallmeier, 7. Regina Krug, 15. Diana Koppold, 18. Marlene K\u00f6hler. Sarah Schneider wurde bei den <strong>20-24 j\u00e4hrigen<\/strong> 5. <br \/>und Tanja Schilpp gewann in ihrer Altersklasse (<strong>AK 45-49 J.<\/strong>)<\/p><p>Am Sonntag gingen noch 2 Mannschaften beim Wettkampf 4inMotion an den Start. Hier geht es in einen Parcour mit 4 Ger\u00e4ten (Boden, Parallelbarren, Sprung, Schwebebalken). zum einen um Schnelligkeit, aber auch mit guter Ausf\u00fchrung bzw. h\u00f6herer Schwierigkeit kann man sich noch Bonuspunkte verdienen.<\/p><p>Einen sensationellen 2. Platz erreichten die \u201eerschlagene Baguettegang\u201c (Regina Krug, Romy Rietzler, Sarah Schneider, Nele Schallmeier) und auch das \u201eTeam Oma\u201c (Simone Krug, Tanja Schilpp, Diana Koppold, Marlene K\u00f6hler) konnte sich mit dem 9. Platz im Mittelfeld des TN-Feldes aus 17 Mannschaften platzieren.<\/p><p>Unterst\u00fctzt wurden wir bei den Wettk\u00e4mpfen durch Jasmin Albrecht und Simone Krug, die als Kampfrichterinnen zu ihrem 1. Einsatz kamen. Sie besuchten zusammen mit Regina Krug im April Ausbildung zum Gaukampfrichter und bestanden die Pr\u00fcfung in Theorie und Praxis z.T. als Lehrgangsbeste.<\/p><p>Zum ersten Mal zum Einsatz kamen auch unsere die neuen Trainingsjacken der TSG Turnerinnen. Diese konnten wir durch die Unterst\u00fctzung der Fa. Reich \u2013 Containerdienst anschaffen. Ein gro\u00dfes Dankesch\u00f6n noch mal an dieser Stelle hierf\u00fcr.<\/p>\t\t\t\t\t\t\t\t<\/div>\n\t\t\t\t<\/div>\n\t\t\t\t\t<\/div>\n\t\t<\/div>\n\t\t\t\t\t<\/div>\n\t\t<\/section>\n\t\t\t\t<section class=\"elementor-section elementor-top-section elementor-element elementor-element-9ea4dee elementor-section-boxed elementor-section-height-default elementor-section-height-default\" data-id=\"9ea4dee\" data-element_type=\"section\" data-e-type=\"section\" data-settings=\"{&quot;jet_parallax_layout_list&quot;:[]}\">\n\t\t\t\t\t\t<div class=\"elementor-container elementor-column-gap-default\">\n\t\t\t\t\t<div class=\"elementor-column elementor-col-25 elementor-top-column elementor-element elementor-element-ed4f9ba\" data-id=\"ed4f9ba\" data-element_type=\"column\" data-e-type=\"column\">\n\t\t\t<div class=\"elementor-widget-wrap elementor-element-populated\">\n\t\t\t\t\t\t<div class=\"elementor-element elementor-element-48bfa6d elementor-widget elementor-widget-image\" data-id=\"48bfa6d\" data-element_type=\"widget\" data-e-type=\"widget\" data-widget_type=\"image.default\">\n\t\t\t\t<div class=\"elementor-widget-container\">\n\t\t\t\t\t\t\t\t\t\t\t\t\t\t\t<img decoding=\"async\" src=\"https:\/\/www.tsg-leutkirch.de\/turnen\/wp-content\/uploads\/sites\/30\/elementor\/thumbs\/PHOTO-2023-06-23-15-20-22-qaspjn05rnyficf82vw6hlphe4k70e3bziojluhrgg.jpg\" title=\"PHOTO-2023-06-23-15-20-22\" alt=\"PHOTO-2023-06-23-15-20-22\" loading=\"lazy\" \/>\t\t\t\t\t\t\t\t\t\t\t\t\t\t\t<\/div>\n\t\t\t\t<\/div>\n\t\t\t\t\t<\/div>\n\t\t<\/div>\n\t\t\t\t<div class=\"elementor-column elementor-col-25 elementor-top-column elementor-element elementor-element-1e7e470\" data-id=\"1e7e470\" data-element_type=\"column\" data-e-type=\"column\">\n\t\t\t<div class=\"elementor-widget-wrap elementor-element-populated\">\n\t\t\t\t\t\t<div class=\"elementor-element elementor-element-4afe8c0 elementor-widget elementor-widget-image\" data-id=\"4afe8c0\" data-element_type=\"widget\" data-e-type=\"widget\" data-widget_type=\"image.default\">\n\t\t\t\t<div class=\"elementor-widget-container\">\n\t\t\t\t\t\t\t\t\t\t\t\t\t\t\t<img decoding=\"async\" src=\"https:\/\/www.tsg-leutkirch.de\/turnen\/wp-content\/uploads\/sites\/30\/elementor\/thumbs\/PHOTO-2023-06-25-16-22-08-qaspjz828if5p9xh3j6bw0mh44vysgfud75uufzn7k.jpg\" title=\"PHOTO-2023-06-25-16-22-08\" alt=\"PHOTO-2023-06-25-16-22-08\" loading=\"lazy\" \/>\t\t\t\t\t\t\t\t\t\t\t\t\t\t\t<\/div>\n\t\t\t\t<\/div>\n\t\t\t\t\t<\/div>\n\t\t<\/div>\n\t\t\t\t<div class=\"elementor-column elementor-col-25 elementor-top-column elementor-element elementor-element-128ecda\" data-id=\"128ecda\" data-element_type=\"column\" data-e-type=\"column\">\n\t\t\t<div class=\"elementor-widget-wrap elementor-element-populated\">\n\t\t\t\t\t\t<div class=\"elementor-element elementor-element-1894ee0 elementor-widget elementor-widget-image\" data-id=\"1894ee0\" data-element_type=\"widget\" data-e-type=\"widget\" data-widget_type=\"image.default\">\n\t\t\t\t<div class=\"elementor-widget-container\">\n\t\t\t\t\t\t\t\t\t\t\t\t\t\t\t<img decoding=\"async\" src=\"https:\/\/www.tsg-leutkirch.de\/turnen\/wp-content\/uploads\/sites\/30\/elementor\/thumbs\/PHOTO-2023-06-25-16-22-06-qaspjwejo0baqg1kjzyg6jc3bz9v5d4nct7eem3tq8.jpg\" title=\"PHOTO-2023-06-25-16-22-06\" alt=\"PHOTO-2023-06-25-16-22-06\" loading=\"lazy\" \/>\t\t\t\t\t\t\t\t\t\t\t\t\t\t\t<\/div>\n\t\t\t\t<\/div>\n\t\t\t\t\t<\/div>\n\t\t<\/div>\n\t\t\t\t<div class=\"elementor-column elementor-col-25 elementor-top-column elementor-element elementor-element-36243e5\" data-id=\"36243e5\" data-element_type=\"column\" data-e-type=\"column\">\n\t\t\t<div class=\"elementor-widget-wrap elementor-element-populated\">\n\t\t\t\t\t\t<div class=\"elementor-element elementor-element-27b3b31 elementor-widget elementor-widget-image\" data-id=\"27b3b31\" data-element_type=\"widget\" data-e-type=\"widget\" data-widget_type=\"image.default\">\n\t\t\t\t<div class=\"elementor-widget-container\">\n\t\t\t\t\t\t\t\t\t\t\t\t\t\t\t<img decoding=\"async\" src=\"https:\/\/www.tsg-leutkirch.de\/turnen\/wp-content\/uploads\/sites\/30\/elementor\/thumbs\/PHOTO-2023-06-25-16-22-04-qaspjvgph6a0eu2xphjtm1kmqlehxo0x0ojwxc57wg.jpg\" title=\"PHOTO-2023-06-25-16-22-04\" alt=\"PHOTO-2023-06-25-16-22-04\" loading=\"lazy\" \/>\t\t\t\t\t\t\t\t\t\t\t\t\t\t\t<\/div>\n\t\t\t\t<\/div>\n\t\t\t\t\t<\/div>\n\t\t<\/div>\n\t\t\t\t\t<\/div>\n\t\t<\/section>\n\t\t\t\t<section class=\"elementor-section elementor-top-section elementor-element elementor-element-e8c6d76 elementor-section-boxed elementor-section-height-default elementor-section-height-default\" data-id=\"e8c6d76\" data-element_type=\"section\" data-e-type=\"section\" data-settings=\"{&quot;jet_parallax_layout_list&quot;:[]}\">\n\t\t\t\t\t\t<div class=\"elementor-container elementor-column-gap-default\">\n\t\t\t\t\t<div class=\"elementor-column elementor-col-25 elementor-top-column elementor-element elementor-element-089125e\" data-id=\"089125e\" data-element_type=\"column\" data-e-type=\"column\">\n\t\t\t<div class=\"elementor-widget-wrap elementor-element-populated\">\n\t\t\t\t\t\t<div class=\"elementor-element elementor-element-d606c23 elementor-widget elementor-widget-image\" data-id=\"d606c23\" data-element_type=\"widget\" data-e-type=\"widget\" data-widget_type=\"image.default\">\n\t\t\t\t<div class=\"elementor-widget-container\">\n\t\t\t\t\t\t\t\t\t\t\t\t\t\t\t<img decoding=\"async\" src=\"https:\/\/www.tsg-leutkirch.de\/turnen\/wp-content\/uploads\/sites\/30\/elementor\/thumbs\/PHOTO-2023-06-24-12-42-49-qaspjptoc62ah6b4mf4272zv6a6anheizwn01odkxs.jpg\" title=\"PHOTO-2023-06-24-12-42-49\" alt=\"PHOTO-2023-06-24-12-42-49\" loading=\"lazy\" \/>\t\t\t\t\t\t\t\t\t\t\t\t\t\t\t<\/div>\n\t\t\t\t<\/div>\n\t\t\t\t\t<\/div>\n\t\t<\/div>\n\t\t\t\t<div class=\"elementor-column elementor-col-25 elementor-top-column elementor-element elementor-element-21722aa\" data-id=\"21722aa\" data-element_type=\"column\" data-e-type=\"column\">\n\t\t\t<div class=\"elementor-widget-wrap elementor-element-populated\">\n\t\t\t\t\t\t<div class=\"elementor-element elementor-element-7e99631 elementor-widget elementor-widget-image\" data-id=\"7e99631\" data-element_type=\"widget\" data-e-type=\"widget\" data-widget_type=\"image.default\">\n\t\t\t\t<div class=\"elementor-widget-container\">\n\t\t\t\t\t\t\t\t\t\t\t\t\t\t\t<img decoding=\"async\" src=\"https:\/\/www.tsg-leutkirch.de\/turnen\/wp-content\/uploads\/sites\/30\/elementor\/thumbs\/PHOTO-2023-06-25-16-22-07-qaspjxcduucl2207eid2r13jxd58d28doxuvvw2fk0.jpg\" title=\"PHOTO-2023-06-25-16-22-07\" alt=\"PHOTO-2023-06-25-16-22-07\" loading=\"lazy\" \/>\t\t\t\t\t\t\t\t\t\t\t\t\t\t\t<\/div>\n\t\t\t\t<\/div>\n\t\t\t\t\t<\/div>\n\t\t<\/div>\n\t\t\t\t<div class=\"elementor-column elementor-col-25 elementor-top-column elementor-element elementor-element-1befb24\" data-id=\"1befb24\" data-element_type=\"column\" data-e-type=\"column\">\n\t\t\t<div class=\"elementor-widget-wrap elementor-element-populated\">\n\t\t\t\t\t\t<div class=\"elementor-element elementor-element-82b5f05 elementor-widget elementor-widget-image\" data-id=\"82b5f05\" data-element_type=\"widget\" data-e-type=\"widget\" data-widget_type=\"image.default\">\n\t\t\t\t<div class=\"elementor-widget-container\">\n\t\t\t\t\t\t\t\t\t\t\t\t\t\t\t<img decoding=\"async\" src=\"https:\/\/www.tsg-leutkirch.de\/turnen\/wp-content\/uploads\/sites\/30\/elementor\/thumbs\/PHOTO-2023-06-25-11-42-38-qaspjsn6wo65g0715ybxwka8yfseakpq0alghi9ef4.jpg\" title=\"PHOTO-2023-06-25-11-42-38\" alt=\"PHOTO-2023-06-25-11-42-38\" loading=\"lazy\" \/>\t\t\t\t\t\t\t\t\t\t\t\t\t\t\t<\/div>\n\t\t\t\t<\/div>\n\t\t\t\t\t<\/div>\n\t\t<\/div>\n\t\t\t\t<div class=\"elementor-column elementor-col-25 elementor-top-column elementor-element elementor-element-88931da\" data-id=\"88931da\" data-element_type=\"column\" data-e-type=\"column\">\n\t\t\t<div class=\"elementor-widget-wrap elementor-element-populated\">\n\t\t\t\t\t\t<div class=\"elementor-element elementor-element-3189ae9 elementor-widget elementor-widget-image\" data-id=\"3189ae9\" data-element_type=\"widget\" data-e-type=\"widget\" data-widget_type=\"image.default\">\n\t\t\t\t<div class=\"elementor-widget-container\">\n\t\t\t\t\t\t\t\t\t\t\t\t\t\t\t<img decoding=\"async\" src=\"https:\/\/www.tsg-leutkirch.de\/turnen\/wp-content\/uploads\/sites\/30\/elementor\/thumbs\/PHOTO-2023-06-25-16-05-21-qaspjtl13i7frm5o0gqkh21pjtnri9tgcf8xys808w.jpg\" title=\"PHOTO-2023-06-25-16-05-21\" alt=\"PHOTO-2023-06-25-16-05-21\" loading=\"lazy\" \/>\t\t\t\t\t\t\t\t\t\t\t\t\t\t\t<\/div>\n\t\t\t\t<\/div>\n\t\t\t\t\t<\/div>\n\t\t<\/div>\n\t\t\t\t\t<\/div>\n\t\t<\/section>\n\t\t\t\t<\/div>\n\t\t","protected":false},"excerpt":{"rendered":"<p>78. Gauturnfest des Turngau Oberschwaben23.06. \u2013 25.06.2023 in Ailingen\u00a0 und wir waren dabei! Mit insgesamt 17 Teilnehmerinnen ging die TSG Leutkirch auf die Reise. Das Turnfest stand ganz im Zuge der Nachhaltigkeit und so sind wir mit Bus und Bahn angereist. Die Wettk\u00e4mpfe fanden \u00fcber das ganze Wochenende verteilt statt und am Samstag gingen wir [&hellip;]<\/p>\n","protected":false},"author":17,"featured_media":1974,"comment_status":"open","ping_status":"open","sticky":false,"template":"","format":"quote","meta":{"_acf_changed":false,"site-sidebar-layout":"default","site-content-layout":"default","ast-site-content-layout":"default","site-content-style":"default","site-sidebar-style":"default","ast-global-header-display":"","ast-banner-title-visibility":"","ast-main-header-display":"","ast-hfb-above-header-display":"","ast-hfb-below-header-display":"","ast-hfb-mobile-header-display":"","site-post-title":"","ast-breadcrumbs-content":"","ast-featured-img":"","footer-sml-layout":"","ast-disable-related-posts":"","theme-transparent-header-meta":"default","adv-header-id-meta":"","stick-header-meta":"default","header-above-stick-meta":"","header-main-stick-meta":"","header-below-stick-meta":"","astra-migrate-meta-layouts":"default","ast-page-background-enabled":"default","ast-page-background-meta":{"desktop":{"background-color":"","background-image":"","background-repeat":"repeat","background-position":"center center","background-size":"auto","background-attachment":"scroll","background-type":"","background-media":"","overlay-type":"","overlay-color":"","overlay-opacity":"","overlay-gradient":""},"tablet":{"background-color":"","background-image":"","background-repeat":"repeat","background-position":"center center","background-size":"auto","background-attachment":"scroll","background-type":"","background-media":"","overlay-type":"","overlay-color":"","overlay-opacity":"","overlay-gradient":""},"mobile":{"background-color":"","background-image":"","background-repeat":"repeat","background-position":"center center","background-size":"auto","background-attachment":"scroll","background-type":"","background-media":"","overlay-type":"","overlay-color":"","overlay-opacity":"","overlay-gradient":""}},"ast-content-background-meta":{"desktop":{"background-color":"var(--ast-global-color-5)","background-image":"","background-repeat":"repeat","background-position":"center center","background-size":"auto","background-attachment":"scroll","background-type":"","background-media":"","overlay-type":"","overlay-color":"","overlay-opacity":"","overlay-gradient":""},"tablet":{"background-color":"var(--ast-global-color-5)","background-image":"","background-repeat":"repeat","background-position":"center center","background-size":"auto","background-attachment":"scroll","background-type":"","background-media":"","overlay-type":"","overlay-color":"","overlay-opacity":"","overlay-gradient":""},"mobile":{"background-color":"var(--ast-global-color-5)","background-image":"","background-repeat":"repeat","background-position":"center center","background-size":"auto","background-attachment":"scroll","background-type":"","background-media":"","overlay-type":"","overlay-color":"","overlay-opacity":"","overlay-gradient":""}},"footnotes":""},"categories":[1],"tags":[],"class_list":["post-1970","post","type-post","status-publish","format-quote","has-post-thumbnail","hentry","category-allgemein","post_format-post-format-quote"],"acf":[],"_links":{"self":[{"href":"https:\/\/www.tsg-leutkirch.de\/turnen\/wp-json\/wp\/v2\/posts\/1970","targetHints":{"allow":["GET"]}}],"collection":[{"href":"https:\/\/www.tsg-leutkirch.de\/turnen\/wp-json\/wp\/v2\/posts"}],"about":[{"href":"https:\/\/www.tsg-leutkirch.de\/turnen\/wp-json\/wp\/v2\/types\/post"}],"author":[{"embeddable":true,"href":"https:\/\/www.tsg-leutkirch.de\/turnen\/wp-json\/wp\/v2\/users\/17"}],"replies":[{"embeddable":true,"href":"https:\/\/www.tsg-leutkirch.de\/turnen\/wp-json\/wp\/v2\/comments?post=1970"}],"version-history":[{"count":10,"href":"https:\/\/www.tsg-leutkirch.de\/turnen\/wp-json\/wp\/v2\/posts\/1970\/revisions"}],"predecessor-version":[{"id":2022,"href":"https:\/\/www.tsg-leutkirch.de\/turnen\/wp-json\/wp\/v2\/posts\/1970\/revisions\/2022"}],"wp:featuredmedia":[{"embeddable":true,"href":"https:\/\/www.tsg-leutkirch.de\/turnen\/wp-json\/wp\/v2\/media\/1974"}],"wp:attachment":[{"href":"https:\/\/www.tsg-leutkirch.de\/turnen\/wp-json\/wp\/v2\/media?parent=1970"}],"wp:term":[{"taxonomy":"category","embeddable":true,"href":"https:\/\/www.tsg-leutkirch.de\/turnen\/wp-json\/wp\/v2\/categories?post=1970"},{"taxonomy":"post_tag","embeddable":true,"href":"https:\/\/www.tsg-leutkirch.de\/turnen\/wp-json\/wp\/v2\/tags?post=1970"}],"curies":[{"name":"wp","href":"https:\/\/api.w.org\/{rel}","templated":true}]}}