{"id":2436,"date":"2025-01-31T10:52:31","date_gmt":"2025-01-31T09:52:31","guid":{"rendered":"https:\/\/www.tsg-leutkirch.de\/turnen\/?p=2436"},"modified":"2025-01-31T10:52:46","modified_gmt":"2025-01-31T09:52:46","slug":"stadtmeisterschaften-2025","status":"publish","type":"post","link":"https:\/\/www.tsg-leutkirch.de\/turnen\/2025\/01\/31\/stadtmeisterschaften-2025\/","title":{"rendered":"Stadtmeisterschaften 2025"},"content":{"rendered":"\t\t<div data-elementor-type=\"wp-post\" data-elementor-id=\"2436\" class=\"elementor elementor-2436\" data-elementor-post-type=\"post\">\n\t\t\t\t\t\t<section class=\"elementor-section elementor-top-section elementor-element elementor-element-62bbed0a elementor-section-boxed elementor-section-height-default elementor-section-height-default\" data-id=\"62bbed0a\" data-element_type=\"section\" data-e-type=\"section\" data-settings=\"{&quot;jet_parallax_layout_list&quot;:[{&quot;jet_parallax_layout_image&quot;:{&quot;url&quot;:&quot;&quot;,&quot;id&quot;:&quot;&quot;,&quot;size&quot;:&quot;&quot;},&quot;_id&quot;:&quot;ee2ca42&quot;,&quot;jet_parallax_layout_image_tablet&quot;:{&quot;url&quot;:&quot;&quot;,&quot;id&quot;:&quot;&quot;,&quot;size&quot;:&quot;&quot;},&quot;jet_parallax_layout_image_mobile&quot;:{&quot;url&quot;:&quot;&quot;,&quot;id&quot;:&quot;&quot;,&quot;size&quot;:&quot;&quot;},&quot;jet_parallax_layout_speed&quot;:{&quot;unit&quot;:&quot;%&quot;,&quot;size&quot;:50,&quot;sizes&quot;:[]},&quot;jet_parallax_layout_type&quot;:&quot;scroll&quot;,&quot;jet_parallax_layout_direction&quot;:&quot;1&quot;,&quot;jet_parallax_layout_fx_direction&quot;:null,&quot;jet_parallax_layout_z_index&quot;:&quot;&quot;,&quot;jet_parallax_layout_bg_x&quot;:50,&quot;jet_parallax_layout_bg_x_tablet&quot;:&quot;&quot;,&quot;jet_parallax_layout_bg_x_mobile&quot;:&quot;&quot;,&quot;jet_parallax_layout_bg_y&quot;:50,&quot;jet_parallax_layout_bg_y_tablet&quot;:&quot;&quot;,&quot;jet_parallax_layout_bg_y_mobile&quot;:&quot;&quot;,&quot;jet_parallax_layout_bg_size&quot;:&quot;auto&quot;,&quot;jet_parallax_layout_bg_size_tablet&quot;:&quot;&quot;,&quot;jet_parallax_layout_bg_size_mobile&quot;:&quot;&quot;,&quot;jet_parallax_layout_animation_prop&quot;:&quot;transform&quot;,&quot;jet_parallax_layout_on&quot;:[&quot;desktop&quot;,&quot;tablet&quot;]}]}\">\n\t\t\t\t\t\t<div class=\"elementor-container elementor-column-gap-default\">\n\t\t\t\t\t<div class=\"elementor-column elementor-col-100 elementor-top-column elementor-element elementor-element-7b8d73a1\" data-id=\"7b8d73a1\" data-element_type=\"column\" data-e-type=\"column\">\n\t\t\t<div class=\"elementor-widget-wrap elementor-element-populated\">\n\t\t\t\t\t\t<div class=\"elementor-element elementor-element-6bac8020 elementor-widget elementor-widget-text-editor\" data-id=\"6bac8020\" data-element_type=\"widget\" data-e-type=\"widget\" data-widget_type=\"text-editor.default\">\n\t\t\t\t<div class=\"elementor-widget-container\">\n\t\t\t\t\t\t\t\t\t<h4>Soviele Teilnehmerinnen und Teilnehmer wie noch nie!<\/h4><p>\u00a0<\/p><p>6 Jungs und 71 M\u00e4dchen haben am 22. Januar 2025 die diesj\u00e4hrigen Stadtmeisterschaften unter sich ausgetragen:<\/p><p>Dabei turnten die Jungs in ihrem 2. Jahr einen 3-Kampf und durften aus den Ger\u00e4ten Sprung, Barren, Boden, Reck und Ringen ausw\u00e4hlen.<\/p><p>Die M\u00e4dchen turnten einen Ger\u00e4te 4-Kampf mit Sprung, Reck\/Stufenbarren, Balken und Boden. F\u00fcr die meisten M\u00e4dchen in der E-Jugend (8 Jahre) waren die Stadtmeisterschaften der Einstieg ins Wettkampfgeschehen. Die M\u00e4dchen der E-Jugend (9-Jahre) haben bereits im letzten Jahr ihre ersten Erfahrung sammeln k\u00f6nnen. In der D-Jugend haben die M\u00e4dchen z.T. sogar am Balken und Boden zum ersten Mal ihre neuen \u00dcbungen geturnt und diese sehr gut gemeistert.<\/p><p>Im 2. Durchgang turnten die M\u00e4dchen ab 12 Jahren, darunter sogar auch noch 5 Turnerinnen der A-Jugend (16\/17 Jahre).<\/p><p>Stadtmeister*in wurden: Gabriel W\u00fcst (Turner), Smilla Schupp (E-Jugend 8 Jahre), Josefine Klein (E-Jugend 9 Jahre), Heidi Holl (D- Jugend 10\/11 Jahre), Annika Bergel (C-Jugend 12\/13 Jahre), Laura Sartori (B-Jugend), Romy Rietzler (A-Jugend)\u00a0<\/p><p>&#8211;&gt; Zur vollst\u00e4ndigen Siegerliste: <a href=\"https:\/\/www.tsg-leutkirch.de\/turnen\/wp-content\/uploads\/sites\/30\/2025\/01\/2025-SMS-Ergebnisse.pdf\">2025 SMS Ergebnisse<\/a><\/p>\t\t\t\t\t\t\t\t<\/div>\n\t\t\t\t<\/div>\n\t\t\t\t\t<\/div>\n\t\t<\/div>\n\t\t\t\t\t<\/div>\n\t\t<\/section>\n\t\t\t\t<section class=\"elementor-section elementor-top-section elementor-element elementor-element-f711e41 elementor-section-boxed elementor-section-height-default elementor-section-height-default\" data-id=\"f711e41\" data-element_type=\"section\" data-e-type=\"section\" data-settings=\"{&quot;jet_parallax_layout_list&quot;:[]}\">\n\t\t\t\t\t\t<div class=\"elementor-container elementor-column-gap-default\">\n\t\t\t\t\t<div class=\"elementor-column elementor-col-33 elementor-top-column elementor-element elementor-element-c9f524c\" data-id=\"c9f524c\" data-element_type=\"column\" data-e-type=\"column\">\n\t\t\t<div class=\"elementor-widget-wrap elementor-element-populated\">\n\t\t\t\t\t\t<div class=\"elementor-element elementor-element-790148c elementor-widget elementor-widget-image\" data-id=\"790148c\" data-element_type=\"widget\" data-e-type=\"widget\" data-widget_type=\"image.default\">\n\t\t\t\t<div class=\"elementor-widget-container\">\n\t\t\t\t\t\t\t\t\t\t\t\t\t\t\t<img decoding=\"async\" src=\"https:\/\/www.tsg-leutkirch.de\/turnen\/wp-content\/uploads\/sites\/30\/elementor\/thumbs\/2025-01-22-Stadtmeisterschaften-scaled-r0t862pfpfy3sz205tcugyq0a1g1ulwtvm8hhu7hog.jpg\" title=\"2025-01-22 Stadtmeisterschaften\" alt=\"2025-01-22 Stadtmeisterschaften\" loading=\"lazy\" \/>\t\t\t\t\t\t\t\t\t\t\t\t\t\t\t<\/div>\n\t\t\t\t<\/div>\n\t\t\t\t\t<\/div>\n\t\t<\/div>\n\t\t\t\t<div class=\"elementor-column elementor-col-33 elementor-top-column elementor-element elementor-element-0e2d4ed\" data-id=\"0e2d4ed\" data-element_type=\"column\" data-e-type=\"column\">\n\t\t\t<div class=\"elementor-widget-wrap elementor-element-populated\">\n\t\t\t\t\t\t<div class=\"elementor-element elementor-element-6c5c035 elementor-widget elementor-widget-image\" data-id=\"6c5c035\" data-element_type=\"widget\" data-e-type=\"widget\" data-widget_type=\"image.default\">\n\t\t\t\t<div class=\"elementor-widget-container\">\n\t\t\t\t\t\t\t\t\t\t\t\t\t\t\t<img decoding=\"async\" src=\"https:\/\/www.tsg-leutkirch.de\/turnen\/wp-content\/uploads\/sites\/30\/elementor\/thumbs\/IMG_9292-1-scaled-r0t867emnm4jf0v6eddzbfjb8ysvx3fhk9hww80itc.jpg\" title=\"IMG_9292 (1)\" alt=\"IMG_9292 (1)\" loading=\"lazy\" \/>\t\t\t\t\t\t\t\t\t\t\t\t\t\t\t<\/div>\n\t\t\t\t<\/div>\n\t\t\t\t\t<\/div>\n\t\t<\/div>\n\t\t\t\t<div class=\"elementor-column elementor-col-33 elementor-top-column elementor-element elementor-element-22b9ec2\" data-id=\"22b9ec2\" data-element_type=\"column\" data-e-type=\"column\">\n\t\t\t<div class=\"elementor-widget-wrap elementor-element-populated\">\n\t\t\t\t\t\t<div class=\"elementor-element elementor-element-2bf7855 elementor-widget elementor-widget-image\" data-id=\"2bf7855\" data-element_type=\"widget\" data-e-type=\"widget\" data-widget_type=\"image.default\">\n\t\t\t\t<div class=\"elementor-widget-container\">\n\t\t\t\t\t\t\t\t\t\t\t\t\t\t\t<img decoding=\"async\" src=\"https:\/\/www.tsg-leutkirch.de\/turnen\/wp-content\/uploads\/sites\/30\/elementor\/thumbs\/2025-01-22-21.03.06-scaled-r0t85w4kdlp3jpbk88ighids4cchcq6pipo34wh8w0.jpg\" title=\"2025-01-22 21.03.06\" alt=\"2025-01-22 21.03.06\" loading=\"lazy\" \/>\t\t\t\t\t\t\t\t\t\t\t\t\t\t\t<\/div>\n\t\t\t\t<\/div>\n\t\t\t\t\t<\/div>\n\t\t<\/div>\n\t\t\t\t\t<\/div>\n\t\t<\/section>\n\t\t\t\t<\/div>\n\t\t","protected":false},"excerpt":{"rendered":"<p>Soviele Teilnehmerinnen und Teilnehmer wie noch nie! \u00a0 6 Jungs und 71 M\u00e4dchen haben am 22. Januar 2025 die diesj\u00e4hrigen Stadtmeisterschaften unter sich ausgetragen: Dabei turnten die Jungs in ihrem 2. Jahr einen 3-Kampf und durften aus den Ger\u00e4ten Sprung, Barren, Boden, Reck und Ringen ausw\u00e4hlen. Die M\u00e4dchen turnten einen Ger\u00e4te 4-Kampf mit Sprung, Reck\/Stufenbarren, [&hellip;]<\/p>\n","protected":false},"author":17,"featured_media":2437,"comment_status":"open","ping_status":"open","sticky":false,"template":"","format":"quote","meta":{"_acf_changed":false,"site-sidebar-layout":"default","site-content-layout":"default","ast-site-content-layout":"default","site-content-style":"default","site-sidebar-style":"default","ast-global-header-display":"","ast-banner-title-visibility":"","ast-main-header-display":"","ast-hfb-above-header-display":"","ast-hfb-below-header-display":"","ast-hfb-mobile-header-display":"","site-post-title":"","ast-breadcrumbs-content":"","ast-featured-img":"","footer-sml-layout":"","ast-disable-related-posts":"","theme-transparent-header-meta":"default","adv-header-id-meta":"","stick-header-meta":"default","header-above-stick-meta":"","header-main-stick-meta":"","header-below-stick-meta":"","astra-migrate-meta-layouts":"default","ast-page-background-enabled":"default","ast-page-background-meta":{"desktop":{"background-color":"","background-image":"","background-repeat":"repeat","background-position":"center center","background-size":"auto","background-attachment":"scroll","background-type":"","background-media":"","overlay-type":"","overlay-color":"","overlay-opacity":"","overlay-gradient":""},"tablet":{"background-color":"","background-image":"","background-repeat":"repeat","background-position":"center center","background-size":"auto","background-attachment":"scroll","background-type":"","background-media":"","overlay-type":"","overlay-color":"","overlay-opacity":"","overlay-gradient":""},"mobile":{"background-color":"","background-image":"","background-repeat":"repeat","background-position":"center center","background-size":"auto","background-attachment":"scroll","background-type":"","background-media":"","overlay-type":"","overlay-color":"","overlay-opacity":"","overlay-gradient":""}},"ast-content-background-meta":{"desktop":{"background-color":"var(--ast-global-color-5)","background-image":"","background-repeat":"repeat","background-position":"center center","background-size":"auto","background-attachment":"scroll","background-type":"","background-media":"","overlay-type":"","overlay-color":"","overlay-opacity":"","overlay-gradient":""},"tablet":{"background-color":"var(--ast-global-color-5)","background-image":"","background-repeat":"repeat","background-position":"center center","background-size":"auto","background-attachment":"scroll","background-type":"","background-media":"","overlay-type":"","overlay-color":"","overlay-opacity":"","overlay-gradient":""},"mobile":{"background-color":"var(--ast-global-color-5)","background-image":"","background-repeat":"repeat","background-position":"center center","background-size":"auto","background-attachment":"scroll","background-type":"","background-media":"","overlay-type":"","overlay-color":"","overlay-opacity":"","overlay-gradient":""}},"footnotes":""},"categories":[1],"tags":[],"class_list":["post-2436","post","type-post","status-publish","format-quote","has-post-thumbnail","hentry","category-allgemein","post_format-post-format-quote"],"acf":[],"_links":{"self":[{"href":"https:\/\/www.tsg-leutkirch.de\/turnen\/wp-json\/wp\/v2\/posts\/2436","targetHints":{"allow":["GET"]}}],"collection":[{"href":"https:\/\/www.tsg-leutkirch.de\/turnen\/wp-json\/wp\/v2\/posts"}],"about":[{"href":"https:\/\/www.tsg-leutkirch.de\/turnen\/wp-json\/wp\/v2\/types\/post"}],"author":[{"embeddable":true,"href":"https:\/\/www.tsg-leutkirch.de\/turnen\/wp-json\/wp\/v2\/users\/17"}],"replies":[{"embeddable":true,"href":"https:\/\/www.tsg-leutkirch.de\/turnen\/wp-json\/wp\/v2\/comments?post=2436"}],"version-history":[{"count":6,"href":"https:\/\/www.tsg-leutkirch.de\/turnen\/wp-json\/wp\/v2\/posts\/2436\/revisions"}],"predecessor-version":[{"id":2448,"href":"https:\/\/www.tsg-leutkirch.de\/turnen\/wp-json\/wp\/v2\/posts\/2436\/revisions\/2448"}],"wp:featuredmedia":[{"embeddable":true,"href":"https:\/\/www.tsg-leutkirch.de\/turnen\/wp-json\/wp\/v2\/media\/2437"}],"wp:attachment":[{"href":"https:\/\/www.tsg-leutkirch.de\/turnen\/wp-json\/wp\/v2\/media?parent=2436"}],"wp:term":[{"taxonomy":"category","embeddable":true,"href":"https:\/\/www.tsg-leutkirch.de\/turnen\/wp-json\/wp\/v2\/categories?post=2436"},{"taxonomy":"post_tag","embeddable":true,"href":"https:\/\/www.tsg-leutkirch.de\/turnen\/wp-json\/wp\/v2\/tags?post=2436"}],"curies":[{"name":"wp","href":"https:\/\/api.w.org\/{rel}","templated":true}]}}