{"id":2530,"date":"2026-04-29T18:00:11","date_gmt":"2026-04-29T16:00:11","guid":{"rendered":"https:\/\/www.tsg-leutkirch.de\/turnen\/?p=2530"},"modified":"2026-04-29T18:10:51","modified_gmt":"2026-04-29T16:10:51","slug":"neues-vorstandsteam","status":"publish","type":"post","link":"https:\/\/www.tsg-leutkirch.de\/turnen\/2026\/04\/29\/neues-vorstandsteam\/","title":{"rendered":"Neues VorstandsTeam"},"content":{"rendered":"\t\t<div data-elementor-type=\"wp-post\" data-elementor-id=\"2530\" class=\"elementor elementor-2530\" data-elementor-post-type=\"post\">\n\t\t\t\t\t\t<section class=\"elementor-section elementor-top-section elementor-element elementor-element-62bbed0a elementor-section-boxed elementor-section-height-default elementor-section-height-default\" data-id=\"62bbed0a\" data-element_type=\"section\" data-e-type=\"section\" data-settings=\"{&quot;jet_parallax_layout_list&quot;:[{&quot;jet_parallax_layout_image&quot;:{&quot;url&quot;:&quot;&quot;,&quot;id&quot;:&quot;&quot;,&quot;size&quot;:&quot;&quot;},&quot;_id&quot;:&quot;ee2ca42&quot;,&quot;jet_parallax_layout_image_tablet&quot;:{&quot;url&quot;:&quot;&quot;,&quot;id&quot;:&quot;&quot;,&quot;size&quot;:&quot;&quot;},&quot;jet_parallax_layout_image_mobile&quot;:{&quot;url&quot;:&quot;&quot;,&quot;id&quot;:&quot;&quot;,&quot;size&quot;:&quot;&quot;},&quot;jet_parallax_layout_speed&quot;:{&quot;unit&quot;:&quot;%&quot;,&quot;size&quot;:50,&quot;sizes&quot;:[]},&quot;jet_parallax_layout_type&quot;:&quot;scroll&quot;,&quot;jet_parallax_layout_direction&quot;:&quot;1&quot;,&quot;jet_parallax_layout_fx_direction&quot;:null,&quot;jet_parallax_layout_z_index&quot;:&quot;&quot;,&quot;jet_parallax_layout_bg_x&quot;:50,&quot;jet_parallax_layout_bg_x_tablet&quot;:&quot;&quot;,&quot;jet_parallax_layout_bg_x_mobile&quot;:&quot;&quot;,&quot;jet_parallax_layout_bg_y&quot;:50,&quot;jet_parallax_layout_bg_y_tablet&quot;:&quot;&quot;,&quot;jet_parallax_layout_bg_y_mobile&quot;:&quot;&quot;,&quot;jet_parallax_layout_bg_size&quot;:&quot;auto&quot;,&quot;jet_parallax_layout_bg_size_tablet&quot;:&quot;&quot;,&quot;jet_parallax_layout_bg_size_mobile&quot;:&quot;&quot;,&quot;jet_parallax_layout_animation_prop&quot;:&quot;transform&quot;,&quot;jet_parallax_layout_on&quot;:[&quot;desktop&quot;,&quot;tablet&quot;]}]}\">\n\t\t\t\t\t\t<div class=\"elementor-container elementor-column-gap-default\">\n\t\t\t\t\t<div class=\"elementor-column elementor-col-100 elementor-top-column elementor-element elementor-element-7b8d73a1\" data-id=\"7b8d73a1\" data-element_type=\"column\" data-e-type=\"column\">\n\t\t\t<div class=\"elementor-widget-wrap elementor-element-populated\">\n\t\t\t\t\t\t<div class=\"elementor-element elementor-element-6bac8020 elementor-widget__width-initial elementor-widget elementor-widget-text-editor\" data-id=\"6bac8020\" data-element_type=\"widget\" data-e-type=\"widget\" data-widget_type=\"text-editor.default\">\n\t\t\t\t<div class=\"elementor-widget-container\">\n\t\t\t\t\t\t\t\t\t<p class=\"MsoNormal\"><span style=\"font-size: 10.5pt;line-height: 107%;font-family: 'Arial',sans-serif;color: #25282a;letter-spacing: .2pt\">Am 23.4.2026 fand im TSG-Vereinsheim die Mitgliederversammlung der TSG Leutkirch e.V. &#8211; Abteilung Turnen statt. <\/span><\/p><p class=\"MsoNormal\"><span style=\"font-size: 10.5pt;line-height: 107%;font-family: 'Arial',sans-serif;color: #25282a;letter-spacing: .2pt\">In diesem Rahmen wurde auch nochmals dem im letzten Jahr verstorbenen Ehrenmitglied Gisela Wagenseil gedacht. Gisela legte als Gr\u00fcnderin der Abteilung den Grundstein und als Allzeitverbundene und immer Aktive war und bleibt sie Vorbild f\u00fcr die gesamte Abteilung: <\/span><\/p><p class=\"MsoNormal\"><span style=\"font-size: 10.5pt;line-height: 107%;font-family: 'Arial',sans-serif;color: #25282a;letter-spacing: .2pt\">Die Turnabteilung ist derzeit mit \u00fcber 600 Mitglieder und davon fast 450 Kindern die gr\u00f6\u00dfte Abteilung in der TSG. \u00dcber 50 \u00dcbungsleiter*innen haben in 12 Gruppen im vergangenen Jahr 2025 mehr als 1.600 \u00dcbungsstunden abgehalten, so berichtete die Abteilungsleiterin. Aus den Gruppen hei\u00dft es, dass aufgrund der gro\u00dfen Nachfrage bereits in vielen Gruppen Wartelisten gef\u00fchrt werden m\u00fcssen. Auch aus diesem Grund werden neue \u00dcbungsleiter*innen laufend gesucht und angesprochen. Speziell f\u00fcr die Frauen- und M\u00e4nnergruppen werden dringend weitere \u00dcbungsleiter*innen gesucht. <\/span><\/p><p class=\"MsoNormal\"><span style=\"font-size: 10.5pt;line-height: 107%;font-family: 'Arial',sans-serif;color: #25282a;letter-spacing: .2pt\">Auf der Tagesordnung standen neben den Berichten, deren Aussprache auch die anschlie\u00dfende Entlastung der Abteilungsleitung. Der Vorsitzende der TSG Michael Krumb\u00f6ck lobte in diesem Rahmen nochmals ausdr\u00fccklich die gewissenhafte Arbeit mit so positivem Ergebnis und sprach vor allem auch der ausscheidenden Abteilungsleitung nochmals seinen herzlichsten Dank f\u00fcr ihr Engagement aus. Und betont, die Bedeutung der Vereinsarbeit und ehrenamtlichem Engagement speziell f\u00fcr Kinder und Jugendliche. <\/span><\/p><p class=\"MsoNormal\"><span style=\"font-size: 10.5pt;line-height: 107%;font-family: 'Arial',sans-serif;color: #25282a;letter-spacing: .2pt\">Turnusm\u00e4\u00dfig standen demnach auch die Wahlen auf der Agenda: Nachdem sowohl Verena Katzschke-Roth als Abteilungsleiterin\u00a0 als auch Marzena Schuler als stellvertretende Abteilungsleiterin ihre \u00c4mter nach jahr(-zehnte)langem Engagement abgaben, stand erstmals ein Vorstandsteam zur Wahl. Gemeinsam f\u00fchren nun Jasmin Albrecht,\u00a0 Christine Butscher, Julia Dorner, Simone Krug, und Tanja Schilpp die Abteilung. Als Kassenpr\u00fcfer wurden Franz Miller und Arthur Schr\u00f6ter gew\u00e4hlt. Ebenfalls wurde der neue Jugendvorstand mit Regina Krug und Romy Rietzler im Amt best\u00e4tigt.<\/span><\/p>\t\t\t\t\t\t\t\t<\/div>\n\t\t\t\t<\/div>\n\t\t\t\t\t<\/div>\n\t\t<\/div>\n\t\t\t\t\t<\/div>\n\t\t<\/section>\n\t\t\t\t<\/div>\n\t\t","protected":false},"excerpt":{"rendered":"<p>Am 23.4.2026 fand im TSG-Vereinsheim die Mitgliederversammlung der TSG Leutkirch e.V. &#8211; Abteilung Turnen statt. In diesem Rahmen wurde auch nochmals dem im letzten Jahr verstorbenen Ehrenmitglied Gisela Wagenseil gedacht. Gisela legte als Gr\u00fcnderin der Abteilung den Grundstein und als Allzeitverbundene und immer Aktive war und bleibt sie Vorbild f\u00fcr die gesamte Abteilung: Die Turnabteilung [&hellip;]<\/p>\n","protected":false},"author":17,"featured_media":2554,"comment_status":"open","ping_status":"open","sticky":false,"template":"","format":"quote","meta":{"_acf_changed":false,"site-sidebar-layout":"default","site-content-layout":"default","ast-site-content-layout":"default","site-content-style":"default","site-sidebar-style":"default","ast-global-header-display":"","ast-banner-title-visibility":"","ast-main-header-display":"","ast-hfb-above-header-display":"","ast-hfb-below-header-display":"","ast-hfb-mobile-header-display":"","site-post-title":"","ast-breadcrumbs-content":"","ast-featured-img":"","footer-sml-layout":"","ast-disable-related-posts":"","theme-transparent-header-meta":"default","adv-header-id-meta":"","stick-header-meta":"default","header-above-stick-meta":"","header-main-stick-meta":"","header-below-stick-meta":"","astra-migrate-meta-layouts":"default","ast-page-background-enabled":"default","ast-page-background-meta":{"desktop":{"background-color":"","background-image":"","background-repeat":"repeat","background-position":"center center","background-size":"auto","background-attachment":"scroll","background-type":"","background-media":"","overlay-type":"","overlay-color":"","overlay-opacity":"","overlay-gradient":""},"tablet":{"background-color":"","background-image":"","background-repeat":"repeat","background-position":"center center","background-size":"auto","background-attachment":"scroll","background-type":"","background-media":"","overlay-type":"","overlay-color":"","overlay-opacity":"","overlay-gradient":""},"mobile":{"background-color":"","background-image":"","background-repeat":"repeat","background-position":"center center","background-size":"auto","background-attachment":"scroll","background-type":"","background-media":"","overlay-type":"","overlay-color":"","overlay-opacity":"","overlay-gradient":""}},"ast-content-background-meta":{"desktop":{"background-color":"var(--ast-global-color-5)","background-image":"","background-repeat":"repeat","background-position":"center center","background-size":"auto","background-attachment":"scroll","background-type":"","background-media":"","overlay-type":"","overlay-color":"","overlay-opacity":"","overlay-gradient":""},"tablet":{"background-color":"var(--ast-global-color-5)","background-image":"","background-repeat":"repeat","background-position":"center center","background-size":"auto","background-attachment":"scroll","background-type":"","background-media":"","overlay-type":"","overlay-color":"","overlay-opacity":"","overlay-gradient":""},"mobile":{"background-color":"var(--ast-global-color-5)","background-image":"","background-repeat":"repeat","background-position":"center center","background-size":"auto","background-attachment":"scroll","background-type":"","background-media":"","overlay-type":"","overlay-color":"","overlay-opacity":"","overlay-gradient":""}},"footnotes":""},"categories":[1],"tags":[],"class_list":["post-2530","post","type-post","status-publish","format-quote","has-post-thumbnail","hentry","category-allgemein","post_format-post-format-quote"],"acf":[],"_links":{"self":[{"href":"https:\/\/www.tsg-leutkirch.de\/turnen\/wp-json\/wp\/v2\/posts\/2530","targetHints":{"allow":["GET"]}}],"collection":[{"href":"https:\/\/www.tsg-leutkirch.de\/turnen\/wp-json\/wp\/v2\/posts"}],"about":[{"href":"https:\/\/www.tsg-leutkirch.de\/turnen\/wp-json\/wp\/v2\/types\/post"}],"author":[{"embeddable":true,"href":"https:\/\/www.tsg-leutkirch.de\/turnen\/wp-json\/wp\/v2\/users\/17"}],"replies":[{"embeddable":true,"href":"https:\/\/www.tsg-leutkirch.de\/turnen\/wp-json\/wp\/v2\/comments?post=2530"}],"version-history":[{"count":9,"href":"https:\/\/www.tsg-leutkirch.de\/turnen\/wp-json\/wp\/v2\/posts\/2530\/revisions"}],"predecessor-version":[{"id":2564,"href":"https:\/\/www.tsg-leutkirch.de\/turnen\/wp-json\/wp\/v2\/posts\/2530\/revisions\/2564"}],"wp:featuredmedia":[{"embeddable":true,"href":"https:\/\/www.tsg-leutkirch.de\/turnen\/wp-json\/wp\/v2\/media\/2554"}],"wp:attachment":[{"href":"https:\/\/www.tsg-leutkirch.de\/turnen\/wp-json\/wp\/v2\/media?parent=2530"}],"wp:term":[{"taxonomy":"category","embeddable":true,"href":"https:\/\/www.tsg-leutkirch.de\/turnen\/wp-json\/wp\/v2\/categories?post=2530"},{"taxonomy":"post_tag","embeddable":true,"href":"https:\/\/www.tsg-leutkirch.de\/turnen\/wp-json\/wp\/v2\/tags?post=2530"}],"curies":[{"name":"wp","href":"https:\/\/api.w.org\/{rel}","templated":true}]}}