{"id":2565,"date":"2026-04-29T18:34:42","date_gmt":"2026-04-29T16:34:42","guid":{"rendered":"https:\/\/www.tsg-leutkirch.de\/turnen\/?p=2565"},"modified":"2026-04-29T18:35:02","modified_gmt":"2026-04-29T16:35:02","slug":"jubilare-der-abteilung-geehrt","status":"publish","type":"post","link":"https:\/\/www.tsg-leutkirch.de\/turnen\/2026\/04\/29\/jubilare-der-abteilung-geehrt\/","title":{"rendered":"Jubilare der Abteilung geehrt"},"content":{"rendered":"\t\t<div data-elementor-type=\"wp-post\" data-elementor-id=\"2565\" class=\"elementor elementor-2565\" data-elementor-post-type=\"post\">\n\t\t\t\t\t\t<section class=\"elementor-section elementor-top-section elementor-element elementor-element-62bbed0a elementor-section-boxed elementor-section-height-default elementor-section-height-default\" data-id=\"62bbed0a\" data-element_type=\"section\" data-e-type=\"section\" data-settings=\"{&quot;jet_parallax_layout_list&quot;:[{&quot;jet_parallax_layout_image&quot;:{&quot;url&quot;:&quot;&quot;,&quot;id&quot;:&quot;&quot;,&quot;size&quot;:&quot;&quot;},&quot;_id&quot;:&quot;ee2ca42&quot;,&quot;jet_parallax_layout_image_tablet&quot;:{&quot;url&quot;:&quot;&quot;,&quot;id&quot;:&quot;&quot;,&quot;size&quot;:&quot;&quot;},&quot;jet_parallax_layout_image_mobile&quot;:{&quot;url&quot;:&quot;&quot;,&quot;id&quot;:&quot;&quot;,&quot;size&quot;:&quot;&quot;},&quot;jet_parallax_layout_speed&quot;:{&quot;unit&quot;:&quot;%&quot;,&quot;size&quot;:50,&quot;sizes&quot;:[]},&quot;jet_parallax_layout_type&quot;:&quot;scroll&quot;,&quot;jet_parallax_layout_direction&quot;:&quot;1&quot;,&quot;jet_parallax_layout_fx_direction&quot;:null,&quot;jet_parallax_layout_z_index&quot;:&quot;&quot;,&quot;jet_parallax_layout_bg_x&quot;:50,&quot;jet_parallax_layout_bg_x_tablet&quot;:&quot;&quot;,&quot;jet_parallax_layout_bg_x_mobile&quot;:&quot;&quot;,&quot;jet_parallax_layout_bg_y&quot;:50,&quot;jet_parallax_layout_bg_y_tablet&quot;:&quot;&quot;,&quot;jet_parallax_layout_bg_y_mobile&quot;:&quot;&quot;,&quot;jet_parallax_layout_bg_size&quot;:&quot;auto&quot;,&quot;jet_parallax_layout_bg_size_tablet&quot;:&quot;&quot;,&quot;jet_parallax_layout_bg_size_mobile&quot;:&quot;&quot;,&quot;jet_parallax_layout_animation_prop&quot;:&quot;transform&quot;,&quot;jet_parallax_layout_on&quot;:[&quot;desktop&quot;,&quot;tablet&quot;]}]}\">\n\t\t\t\t\t\t<div class=\"elementor-container elementor-column-gap-default\">\n\t\t\t\t\t<div class=\"elementor-column elementor-col-100 elementor-top-column elementor-element elementor-element-7b8d73a1\" data-id=\"7b8d73a1\" data-element_type=\"column\" data-e-type=\"column\">\n\t\t\t<div class=\"elementor-widget-wrap elementor-element-populated\">\n\t\t\t\t\t\t<div class=\"elementor-element elementor-element-6bac8020 elementor-widget__width-initial elementor-widget elementor-widget-text-editor\" data-id=\"6bac8020\" data-element_type=\"widget\" data-e-type=\"widget\" data-widget_type=\"text-editor.default\">\n\t\t\t\t<div class=\"elementor-widget-container\">\n\t\t\t\t\t\t\t\t\t<p>Im Rahmen der Mitgliederversammlung der Turnabteilung wurden langj\u00e4hrige Mitglieder geehrt:<\/p><p>F\u00fcr 20 Jahre: Rolf Blum, Werner Bollinger, Heidi Rogosch, Sarah Schneider, Brigitte Wimmer.&nbsp;<br>F\u00fcr 30 Jahre: Karin Bauer, Erika Berger, Ursula Kubitza, Renate Mader, Julia Schw\u00f6rer, Sibylle Stricker.&nbsp;<br>F\u00fcr 40 Jahre: Katja Buder, Sonja Lucanto, Arthur Promberger.<\/p>\n<p>Auf au\u00dfergew\u00f6hnliche 60 Jahre darf Maria Hilsenback zur\u00fcckschauen. Sie wird aus diesem Grund in der Hauptversammlung der TSG geehrt.<\/p>\t\t\t\t\t\t\t\t<\/div>\n\t\t\t\t<\/div>\n\t\t\t\t\t<\/div>\n\t\t<\/div>\n\t\t\t\t\t<\/div>\n\t\t<\/section>\n\t\t\t\t<\/div>\n\t\t","protected":false},"excerpt":{"rendered":"<p>Im Rahmen der Mitgliederversammlung der Turnabteilung wurden langj\u00e4hrige Mitglieder geehrt: F\u00fcr 20 Jahre: Rolf Blum, Werner Bollinger, Heidi Rogosch, Sarah Schneider, Brigitte Wimmer.&nbsp;F\u00fcr 30 Jahre: Karin Bauer, Erika Berger, Ursula Kubitza, Renate Mader, Julia Schw\u00f6rer, Sibylle Stricker.&nbsp;F\u00fcr 40 Jahre: Katja Buder, Sonja Lucanto, Arthur Promberger. Auf au\u00dfergew\u00f6hnliche 60 Jahre darf Maria Hilsenback zur\u00fcckschauen. Sie wird [&hellip;]<\/p>\n","protected":false},"author":17,"featured_media":2570,"comment_status":"open","ping_status":"open","sticky":false,"template":"","format":"quote","meta":{"_acf_changed":false,"site-sidebar-layout":"default","site-content-layout":"default","ast-site-content-layout":"default","site-content-style":"default","site-sidebar-style":"default","ast-global-header-display":"","ast-banner-title-visibility":"","ast-main-header-display":"","ast-hfb-above-header-display":"","ast-hfb-below-header-display":"","ast-hfb-mobile-header-display":"","site-post-title":"","ast-breadcrumbs-content":"","ast-featured-img":"","footer-sml-layout":"","ast-disable-related-posts":"","theme-transparent-header-meta":"default","adv-header-id-meta":"","stick-header-meta":"default","header-above-stick-meta":"","header-main-stick-meta":"","header-below-stick-meta":"","astra-migrate-meta-layouts":"default","ast-page-background-enabled":"default","ast-page-background-meta":{"desktop":{"background-color":"","background-image":"","background-repeat":"repeat","background-position":"center center","background-size":"auto","background-attachment":"scroll","background-type":"","background-media":"","overlay-type":"","overlay-color":"","overlay-opacity":"","overlay-gradient":""},"tablet":{"background-color":"","background-image":"","background-repeat":"repeat","background-position":"center center","background-size":"auto","background-attachment":"scroll","background-type":"","background-media":"","overlay-type":"","overlay-color":"","overlay-opacity":"","overlay-gradient":""},"mobile":{"background-color":"","background-image":"","background-repeat":"repeat","background-position":"center center","background-size":"auto","background-attachment":"scroll","background-type":"","background-media":"","overlay-type":"","overlay-color":"","overlay-opacity":"","overlay-gradient":""}},"ast-content-background-meta":{"desktop":{"background-color":"var(--ast-global-color-5)","background-image":"","background-repeat":"repeat","background-position":"center center","background-size":"auto","background-attachment":"scroll","background-type":"","background-media":"","overlay-type":"","overlay-color":"","overlay-opacity":"","overlay-gradient":""},"tablet":{"background-color":"var(--ast-global-color-5)","background-image":"","background-repeat":"repeat","background-position":"center center","background-size":"auto","background-attachment":"scroll","background-type":"","background-media":"","overlay-type":"","overlay-color":"","overlay-opacity":"","overlay-gradient":""},"mobile":{"background-color":"var(--ast-global-color-5)","background-image":"","background-repeat":"repeat","background-position":"center center","background-size":"auto","background-attachment":"scroll","background-type":"","background-media":"","overlay-type":"","overlay-color":"","overlay-opacity":"","overlay-gradient":""}},"footnotes":""},"categories":[1],"tags":[],"class_list":["post-2565","post","type-post","status-publish","format-quote","has-post-thumbnail","hentry","category-allgemein","post_format-post-format-quote"],"acf":[],"_links":{"self":[{"href":"https:\/\/www.tsg-leutkirch.de\/turnen\/wp-json\/wp\/v2\/posts\/2565","targetHints":{"allow":["GET"]}}],"collection":[{"href":"https:\/\/www.tsg-leutkirch.de\/turnen\/wp-json\/wp\/v2\/posts"}],"about":[{"href":"https:\/\/www.tsg-leutkirch.de\/turnen\/wp-json\/wp\/v2\/types\/post"}],"author":[{"embeddable":true,"href":"https:\/\/www.tsg-leutkirch.de\/turnen\/wp-json\/wp\/v2\/users\/17"}],"replies":[{"embeddable":true,"href":"https:\/\/www.tsg-leutkirch.de\/turnen\/wp-json\/wp\/v2\/comments?post=2565"}],"version-history":[{"count":9,"href":"https:\/\/www.tsg-leutkirch.de\/turnen\/wp-json\/wp\/v2\/posts\/2565\/revisions"}],"predecessor-version":[{"id":2576,"href":"https:\/\/www.tsg-leutkirch.de\/turnen\/wp-json\/wp\/v2\/posts\/2565\/revisions\/2576"}],"wp:featuredmedia":[{"embeddable":true,"href":"https:\/\/www.tsg-leutkirch.de\/turnen\/wp-json\/wp\/v2\/media\/2570"}],"wp:attachment":[{"href":"https:\/\/www.tsg-leutkirch.de\/turnen\/wp-json\/wp\/v2\/media?parent=2565"}],"wp:term":[{"taxonomy":"category","embeddable":true,"href":"https:\/\/www.tsg-leutkirch.de\/turnen\/wp-json\/wp\/v2\/categories?post=2565"},{"taxonomy":"post_tag","embeddable":true,"href":"https:\/\/www.tsg-leutkirch.de\/turnen\/wp-json\/wp\/v2\/tags?post=2565"}],"curies":[{"name":"wp","href":"https:\/\/api.w.org\/{rel}","templated":true}]}}